{"id":327759,"date":"2025-08-18T19:43:10","date_gmt":"2025-08-18T19:43:10","guid":{"rendered":"https:\/\/www.europesays.com\/fr\/327759\/"},"modified":"2025-08-18T19:43:10","modified_gmt":"2025-08-18T19:43:10","slug":"le-corps-et-le-cerveau-pourraient-ils-supporter-500-ans-dactivite","status":"publish","type":"post","link":"https:\/\/www.europesays.com\/fr\/327759\/","title":{"rendered":"le corps et le cerveau pourraient-ils supporter 500 ans d\u2019activit\u00e9 ?"},"content":{"rendered":"<p dir=\"ltr\">Alors que le terrifiant Dracula est de retour au cin\u00e9ma, depuis\u00a0le 30 juillet, dans une adaptation de Luc Besson, Futura s\u2019interroge : le corps et le cerveau humain seraient-ils en mesure d\u2019assumer plusieurs si\u00e8cles de vie comme le c\u00e9l\u00e8bre vampire ?\u00a0<\/p>\n<p>Le plus c\u00e9l\u00e8bre vampire du cin\u00e9ma renfile sa cape et ses crocs pour une nouvelle adaptation de sa l\u00e9gende sous la direction de Luc Besson. Sorti en salles le 30 juillet, Dracula imagine le Prince Vladimir au XVe si\u00e8cle renon\u00e7ant \u00e0 Dieu apr\u00e8s la perte de son \u00e9pouse. Condamn\u00e9 \u00e0 la vie \u00e9ternelle, il <a href=\"https:\/\/www.futura-sciences.com\/maison\/definitions\/maison-porte-10855\/\" class=\"typographies__SpanLink-sc-9uspqk-3 kVBOCJ\" universe=\"sciences\" target=\"_blank\" rel=\"noopener\">porte<\/a>porte son deuil au fil des si\u00e8cles, cherchant en vain \u00e0 retrouver son amour perdu.<\/p>\n<p>Si une transformation en amateur de <a href=\"https:\/\/www.futura-sciences.com\/sante\/actualites\/maladie-vampires-maladie-sang-origine-mythe-68505\/\" title=\"Vampires : une maladie du sang \u00e0 l&#039;origine du mythe ?\" target=\"_blank\" rel=\"noopener\">sang<\/a> qui d\u00e9teste l&rsquo;<a href=\"https:\/\/www.futura-sciences.com\/planete\/definitions\/botanique-ail-7383\/\" class=\"typographies__SpanLink-sc-9uspqk-3 kVBOCJ\" universe=\"sciences\" target=\"_blank\" rel=\"noopener\">ail<\/a>ail n&rsquo;est pas \u00e0 souhaiter pour le commun des mortels, une <a href=\"https:\/\/www.futura-sciences.com\/sante\/definitions\/medecine-esperance-vie-5127\/\" class=\"typographies__SpanLink-sc-9uspqk-3 kVBOCJ\" universe=\"sciences\" target=\"_blank\" rel=\"noopener\">esp\u00e9rance de vie<\/a>esp\u00e9rance de vie de 500 ans en laisse en revanche songeur plus d&rsquo;un&#8230;<\/p>\n<\/p>\n<p class=\"fs-legende\">Bande-annonce Dracula, le film de Luc Besson. \u00a9\u00a0EUROPACORP, YouTube<\/p>\n<p>Vers un corps capable de vivre jusqu\u2019\u00e0 500 ans ?<\/p>\n<p>Selon un sondage YouGov r\u00e9alis\u00e9 il y a quelques ann\u00e9es, 14,6\u202f% des Fran\u00e7ais interrog\u00e9s pensent que les progr\u00e8s scientifiques nous permettront de vivre jusqu&rsquo;\u00e0 cinq si\u00e8cles. Et la recherche n&rsquo;est pas loin de leur donner raison.\u00a0<\/p>\n<p>En Californie, des chercheurs du Buck Institute for Research on Aging ont r\u00e9ussi \u00e0 multiplier par cinq l&rsquo;esp\u00e9rance de vie du ver <a href=\"https:\/\/www.futura-sciences.com\/planete\/photos\/zoologie-voyage-decouverte-coulisses-anatomie-animale-2209\/c-elegans-c-elegans-ver-chouchou-chercheurs-16571\/\" title=\"C. elegans, le ver chouchou des chercheurs\" target=\"_blank\" rel=\"noopener\">Caenorhabditis elegans<\/a>. Ceci\u00a0en bloquant les mol\u00e9cules qui affectent l&rsquo;action de l&rsquo;<a href=\"https:\/\/www.futura-sciences.com\/sante\/definitions\/medecine-insuline-173\/\" class=\"typographies__SpanLink-sc-9uspqk-3 kVBOCJ\" universe=\"sciences\" target=\"_blank\" rel=\"noopener\">insuline<\/a>insuline et de l&rsquo;enzyme mTOR qui r\u00e9gulent la croissance, la mobilit\u00e9 et la survie cellulaire. Adapt\u00e9es \u00e0 l&rsquo;humain, ces modifications <a href=\"https:\/\/www.futura-sciences.com\/sante\/definitions\/genetique-genetique-152\/\" class=\"typographies__SpanLink-sc-9uspqk-3 kVBOCJ\" universe=\"sciences\" target=\"_blank\" rel=\"noopener\">g\u00e9n\u00e9tiques<\/a>g\u00e9n\u00e9tiques pourraient donc lui permettre d&rsquo;atteindre 500 ans. D&rsquo;ailleurs, si l&rsquo;on regarde dans le r\u00e9tro, l&rsquo;esp\u00e9rance de vie a d\u00e9j\u00e0 \u00e9t\u00e9 multipli\u00e9e par trois depuis le XVIIIe si\u00e8cle.\u00a0<\/p>\n<p><a href=\"https:\/\/www.futura-sciences.com\/sante\/actualites\/corps-humain-je-suis-officiellement-humain-genetiquement-modifie-histoire-fascinante-bryan-johnson-120150\/\" title=\"\u00ab Je suis officiellement un humain g\u00e9n\u00e9tiquement modifi\u00e9 \u00bb : l\u2019histoire fascinante de Bryan Johnson\" target=\"_blank\" rel=\"noopener\">Certains millionnaires<\/a> ont pour leur part entam\u00e9 leur transition transhumaniste \u00e0 grand <a href=\"https:\/\/www.futura-sciences.com\/maison\/definitions\/construction-maison-chainage-17945\/\" class=\"typographies__SpanLink-sc-9uspqk-3 kVBOCJ\" universe=\"sciences\" target=\"_blank\" rel=\"noopener\">renfort<\/a>renfort de compl\u00e9ments alimentaires et de r\u00e9gimes stricts. Et les avanc\u00e9es de la m\u00e9decine, le d\u00e9veloppement de la <a href=\"https:\/\/www.futura-sciences.com\/sante\/definitions\/adn-mitochondrial-genomique-156\/\" class=\"typographies__SpanLink-sc-9uspqk-3 kVBOCJ\" universe=\"sciences\" target=\"_blank\" rel=\"noopener\">g\u00e9nomique<\/a>g\u00e9nomique, le <a href=\"https:\/\/www.futura-sciences.com\/sante\/actualites\/medecine-clonage-therapeutique-premieres-cellules-souches-humaines-creees-46499\/\" title=\"Clonage th\u00e9rapeutique : les premi\u00e8res cellules souches humaines cr\u00e9\u00e9es\" target=\"_blank\" rel=\"noopener\">clonage th\u00e9rapeutique<\/a>, les <a href=\"https:\/\/www.futura-sciences.com\/sante\/actualites\/medecine-interfaces-cerveau-machine-implants-cerebraux-changent-vie-patients-117016\/\" title=\"Interfaces cerveau-machine : comment les implants c\u00e9r\u00e9braux changent la vie des patients\" target=\"_blank\" rel=\"noopener\">implants c\u00e9r\u00e9braux<\/a> ou encore les <a href=\"https:\/\/www.futura-sciences.com\/tech\/definitions\/technologie-nanotechnologie-4783\/\" class=\"typographies__SpanLink-sc-9uspqk-3 kVBOCJ\" universe=\"sciences\" target=\"_blank\" rel=\"noopener\">nanotechnologies<\/a>nanotechnologies tendent \u00e0 repousser constamment l&rsquo;\u00e2ge de la mort.<\/p>\n<p>Le cerveau, un espace de stockage in\u00e9puisable ?<\/p>\n<p>Si rien ne nous emp\u00eache aujourd&rsquo;hui de penser qu&rsquo;une dur\u00e9e de vie de 500 ans pourrait finir par devenir atteignable pour le corps, qu&rsquo;en est-il de notre <a href=\"https:\/\/www.futura-sciences.com\/sante\/questions-reponses\/corps-humain-cerveau-prend-il-decisions-place-8563\/\" title=\"Mon cerveau prend-il les d\u00e9cisions \u00e0 ma place ?\" target=\"_blank\" rel=\"noopener\">cerveau<\/a> ? Celui-ci pourrait-il contenir cinq si\u00e8cles de connaissances et de souvenirs ?\u00a0<\/p>\n<p>En se basant sur le nombre de <a href=\"https:\/\/www.futura-sciences.com\/sante\/definitions\/cerveau-neurone-209\/\" class=\"typographies__SpanLink-sc-9uspqk-3 kVBOCJ\" universe=\"sciences\" target=\"_blank\" rel=\"noopener\">neurones<\/a>neurones, de <a href=\"https:\/\/www.futura-sciences.com\/sante\/definitions\/biologie-synapse-261\/\" class=\"typographies__SpanLink-sc-9uspqk-3 kVBOCJ\" universe=\"sciences\" target=\"_blank\" rel=\"noopener\">synapses<\/a>synapses et leurs capacit\u00e9s de stockage, des chercheurs ont calcul\u00e9 que le <a href=\"https:\/\/www.futura-sciences.com\/sante\/definitions\/biologie-cerveau-3125\/\" class=\"typographies__SpanLink-sc-9uspqk-3 kVBOCJ\" universe=\"sciences\" target=\"_blank\" rel=\"noopener\">cerveau<\/a>cerveau humain pouvait contenir 2,5 p\u00e9taoctets de m\u00e9moire. Soit, plus de 2,5 millions de gigas ! Ou l&rsquo;\u00e9quivalent de 5\u202f000 <a href=\"https:\/\/www.futura-sciences.com\/tech\/definitions\/apple-iphone-5265\/\" class=\"typographies__SpanLink-sc-9uspqk-3 kVBOCJ\" universe=\"sciences\" target=\"_blank\" rel=\"noopener\">iPhone<\/a>iPhone Pro.\u00a0<\/p>\n<p>Professeur de psychologie \u00e0 l&rsquo;universit\u00e9 Northwestern aux \u00c9tats-Unis, Paul Reber estime que cela correspond \u00e0 trois millions d&rsquo;heures de contenus et qu&rsquo;il faudrait laisser le t\u00e9l\u00e9viseur allum\u00e9 en continu pendant plus de 300 ans pour venir \u00e0 bout des capacit\u00e9s de cet espace de stockage.\u00a0<\/p>\n<p>Sachant que le cerveau \u00ab \u00e9crase \u00bb\u00a0la plupart des souvenirs pour laisser la place \u00e0 d&rsquo;autres (on estime que l&rsquo;on oublie pr\u00e8s de 40\u202f% des informations 20 minutes apr\u00e8s les avoir entendues et que 77\u202f% des souvenirs sont effac\u00e9s au bout de six jours), il serait bel et bien possible pour le cerveau d&#8217;emmagasiner 500 ans de souvenirs et d&rsquo;en conserver certains, comme celui d&rsquo;une personne aim\u00e9e, intacts.\u00a0<\/p>\n<p>Mais est-ce souhaitable ? La qu\u00eate d&rsquo;immortalit\u00e9 est un sujet r\u00e9current dans l&rsquo;histoire de l&rsquo;humanit\u00e9 et tr\u00e8s souvent explor\u00e9 par les \u0153uvres de science-fiction. Nous l&rsquo;avons analys\u00e9e \u00e0 travers <a href=\"https:\/\/www.futura-sciences.com\/sante\/actualites\/vie-ils-veulent-vaincre-mort-ce-predit-et-reflete-cet-episode-nouvelle-saison-black-mirror-121153\/\" title=\"Ils veulent vaincre la mort : ce que pr\u00e9dit (et refl\u00e8te) cet \u00e9pisode de la nouvelle saison de Black Mirror\" target=\"_blank\" rel=\"noopener\">la derni\u00e8re saison de Black Mirror<\/a> ou encore, avec <a href=\"https:\/\/www.futura-sciences.com\/sciences\/actualites\/sciences-fountain-youth-quete-jeunesse-eternelle-devient-mortelle-122224\/\" title=\"Fountain of Youth : quand la qu\u00eate de jeunesse \u00e9ternelle devient mortelle\" target=\"_blank\" rel=\"noopener\">le film Fountain of Youth<\/a> s&rsquo;il ne fallait citer que les plus r\u00e9centes. D\u00e9sirables, fascinants, les faits et les histoires &#8211;\u00a0dont celle que nous conte Luc Besson &#8211;\u00a0sont n\u00e9anmoins l\u00e0 pour nous rappeler que cette qu\u00eate peut \u00eatre une mal\u00e9diction. Car la beaut\u00e9 de la vie ne tient-elle pas en son caract\u00e8re \u00e9ph\u00e9m\u00e8re ?<\/p>\n","protected":false},"excerpt":{"rendered":"Alors que le terrifiant Dracula est de retour au cin\u00e9ma, depuis\u00a0le 30 juillet, dans une adaptation de Luc&hellip;\n","protected":false},"author":2,"featured_media":327760,"comment_status":"","ping_status":"","sticky":false,"template":"","format":"standard","meta":{"footnotes":""},"categories":[1354],"tags":[46462,231,46463,58,59,1346,46464,1011,27,46459,46458,1360,2510,41,46465,46460,46461],"class_list":{"0":"post-327759","1":"post","2":"type-post","3":"status-publish","4":"format-standard","5":"has-post-thumbnail","7":"category-films","8":"tag-activite-du-cerveau","9":"tag-cerveau","10":"tag-cerveau-humain","11":"tag-divertissement","12":"tag-entertainment","13":"tag-films","14":"tag-foncionnement-du-cerveau","15":"tag-fr","16":"tag-france","17":"tag-homme-immortel","18":"tag-immortel","19":"tag-movies","20":"tag-science-fiction","21":"tag-sciences","22":"tag-vieillissement-du-cerveau","23":"tag-vivre-plus-longtemps","24":"tag-vivre-vieux"},"share_on_mastodon":{"url":"https:\/\/pubeurope.com\/@fr\/115051482587910022","error":""},"_links":{"self":[{"href":"https:\/\/www.europesays.com\/fr\/wp-json\/wp\/v2\/posts\/327759","targetHints":{"allow":["GET"]}}],"collection":[{"href":"https:\/\/www.europesays.com\/fr\/wp-json\/wp\/v2\/posts"}],"about":[{"href":"https:\/\/www.europesays.com\/fr\/wp-json\/wp\/v2\/types\/post"}],"author":[{"embeddable":true,"href":"https:\/\/www.europesays.com\/fr\/wp-json\/wp\/v2\/users\/2"}],"replies":[{"embeddable":true,"href":"https:\/\/www.europesays.com\/fr\/wp-json\/wp\/v2\/comments?post=327759"}],"version-history":[{"count":0,"href":"https:\/\/www.europesays.com\/fr\/wp-json\/wp\/v2\/posts\/327759\/revisions"}],"wp:featuredmedia":[{"embeddable":true,"href":"https:\/\/www.europesays.com\/fr\/wp-json\/wp\/v2\/media\/327760"}],"wp:attachment":[{"href":"https:\/\/www.europesays.com\/fr\/wp-json\/wp\/v2\/media?parent=327759"}],"wp:term":[{"taxonomy":"category","embeddable":true,"href":"https:\/\/www.europesays.com\/fr\/wp-json\/wp\/v2\/categories?post=327759"},{"taxonomy":"post_tag","embeddable":true,"href":"https:\/\/www.europesays.com\/fr\/wp-json\/wp\/v2\/tags?post=327759"}],"curies":[{"name":"wp","href":"https:\/\/api.w.org\/{rel}","templated":true}]}}