{"id":327761,"date":"2025-08-18T19:44:11","date_gmt":"2025-08-18T19:44:11","guid":{"rendered":"https:\/\/www.europesays.com\/fr\/327761\/"},"modified":"2025-08-18T19:44:11","modified_gmt":"2025-08-18T19:44:11","slug":"il-ma-ete-recommande-de-mettre-des-vetements-longs-et-amples-a-ma-fille-une-medecin-angoumoisine-demande-de-vraies-mesures-fortes-contre-le-moustique-tigre","status":"publish","type":"post","link":"https:\/\/www.europesays.com\/fr\/327761\/","title":{"rendered":"\u00ab\u00a0Il m\u2019a \u00e9t\u00e9 recommand\u00e9 de mettre des v\u00eatements longs et amples \u00e0 ma fille\u00a0\u00bb\u00a0: une m\u00e9decin angoumoisine demande de vraies mesures fortes contre le moustique tigre"},"content":{"rendered":"<p>    \u00ab\u00a0Il m\u2019a \u00e9t\u00e9 recommand\u00e9 de mettre des v\u00eatements longs et amples \u00e0 ma fille\u00a0\u00bb\u00a0: une m\u00e9decin angoumoisine demande de vraies mesures fortes contre le moustique tigre &#8211; Charente Libre.fr<\/p>\n<p>\n            Newsletter<\/p>\n<p>            <strong>Recevez tous les jours l\u2019essentiel de l&rsquo;actualit\u00e9 avec la newsletter CharenteLibre.fr.<\/strong><br \/>\n            <a href=\"#\">Voir un exemple<\/a><\/p>\n<p>\n            Envoyer par email<\/p>\n<p>\n            <strong>Cet article vous int\u00e9resse, partagez-le avec vos amis.<\/strong>\n        <\/p>\n","protected":false},"excerpt":{"rendered":"\u00ab\u00a0Il m\u2019a \u00e9t\u00e9 recommand\u00e9 de mettre des v\u00eatements longs et amples \u00e0 ma fille\u00a0\u00bb\u00a0: une m\u00e9decin angoumoisine demande&hellip;\n","protected":false},"author":2,"featured_media":327762,"comment_status":"","ping_status":"","sticky":false,"template":"","format":"standard","meta":{"footnotes":""},"categories":[10],"tags":[1011,27,72,71],"class_list":{"0":"post-327761","1":"post","2":"type-post","3":"status-publish","4":"format-standard","5":"has-post-thumbnail","7":"category-sante","8":"tag-fr","9":"tag-france","10":"tag-health","11":"tag-sante"},"share_on_mastodon":{"url":"https:\/\/pubeurope.com\/@fr\/115051486482695386","error":""},"_links":{"self":[{"href":"https:\/\/www.europesays.com\/fr\/wp-json\/wp\/v2\/posts\/327761","targetHints":{"allow":["GET"]}}],"collection":[{"href":"https:\/\/www.europesays.com\/fr\/wp-json\/wp\/v2\/posts"}],"about":[{"href":"https:\/\/www.europesays.com\/fr\/wp-json\/wp\/v2\/types\/post"}],"author":[{"embeddable":true,"href":"https:\/\/www.europesays.com\/fr\/wp-json\/wp\/v2\/users\/2"}],"replies":[{"embeddable":true,"href":"https:\/\/www.europesays.com\/fr\/wp-json\/wp\/v2\/comments?post=327761"}],"version-history":[{"count":0,"href":"https:\/\/www.europesays.com\/fr\/wp-json\/wp\/v2\/posts\/327761\/revisions"}],"wp:featuredmedia":[{"embeddable":true,"href":"https:\/\/www.europesays.com\/fr\/wp-json\/wp\/v2\/media\/327762"}],"wp:attachment":[{"href":"https:\/\/www.europesays.com\/fr\/wp-json\/wp\/v2\/media?parent=327761"}],"wp:term":[{"taxonomy":"category","embeddable":true,"href":"https:\/\/www.europesays.com\/fr\/wp-json\/wp\/v2\/categories?post=327761"},{"taxonomy":"post_tag","embeddable":true,"href":"https:\/\/www.europesays.com\/fr\/wp-json\/wp\/v2\/tags?post=327761"}],"curies":[{"name":"wp","href":"https:\/\/api.w.org\/{rel}","templated":true}]}}