{"id":327765,"date":"2025-08-18T19:46:10","date_gmt":"2025-08-18T19:46:10","guid":{"rendered":"https:\/\/www.europesays.com\/fr\/327765\/"},"modified":"2025-08-18T19:46:10","modified_gmt":"2025-08-18T19:46:10","slug":"victime-de-maltraitance-en-ligne-depuis-des-mois-le-streamer-jean-pormanove-decede-en-direct-mediapart","status":"publish","type":"post","link":"https:\/\/www.europesays.com\/fr\/327765\/","title":{"rendered":"Victime de maltraitance en ligne depuis des mois, le streamer \u00ab Jean Pormanove \u00bb d\u00e9c\u00e8de en direct &#8211; Mediapart"},"content":{"rendered":"<ol>\n<li><a href=\"https:\/\/news.google.com\/rss\/articles\/CBMi1gFBVV95cUxPdlJwUHY5Z0J6cTZNY3RpTnBfV3F3ZzFqY19NWE5qb210eXE1dTE3eDZmelJWSXVoMUlPQ3RqVTN2T3VZV0x4eGFqeEFXcV9CM2c1ZWx6dl9uSUJQNDV3bXBHMkJQOERvY3BUVTh3ZC0taG92MXJXQ3NNb2loc3NNemM0aUR2eVJacVZ4aXFQTmpyN2JNRXF2ZXVhZUJKYzRVcHBHelh4Z2FPX3B6U1RLelZfNkZEUzc3cms5Z3BrWXphSHVfd0dVUlp3aW5EZmNwYXpIRVpn?oc=5\" target=\"_blank\" rel=\"noopener\">Victime de maltraitance en ligne depuis des mois, le streamer \u00ab Jean Pormanove \u00bb d\u00e9c\u00e8de en direct<\/a>&nbsp;&nbsp;Mediapart<\/li>\n<li><a href=\"https:\/\/news.google.com\/rss\/articles\/CBMi0wFBVV95cUxNNzk4SWlnTVpFaEhtRVVXdjdOV0VrZldjM19XeTg0UXJTOEdreDZreEo4VVA1YV9TVnhneFlsRGtMZkxYN21qVWhMOUN4NGhFLUttNUotamNpb0xxeUx2bVJCT3UxaDFvMlhBcXNhQmUyNlNfRF9YeGlUelVUcW1aN1h6SU5OdlBiMDFXMEhJUjZMaXBVb3Bjc20xeFhla0xBeUdQbkdTc2RnMXQtNjVPNkVRV1JTOVZGWm1Qc2tsOGJnNnl4MkZXLXFmTml0VEhLLVNz?oc=5\" target=\"_blank\" rel=\"noopener\">D\u00e9c\u00e8s du streamer fran\u00e7ais \u00ab Jean Pormanove \u00bb, une enqu\u00eate ouverte<\/a>&nbsp;&nbsp;Le Parisien<\/li>\n<li><a href=\"https:\/\/news.google.com\/rss\/articles\/CBMipAFBVV95cUxNMG12c2ZYUkFEdFFUbzZaMHlSd0JTTWtYd2g0dGtpUDFoUWtaN2JjVklWbzBQcjhpZXdGWExaZ1hPbUw1MG16Z3JrY0RlUm5VZ2ktVE1oRGRJcFdOVENjYTlIREYyaXcwaFZZYXk1NE1SRFlOSC1qRWoxOFNZcnpuVjhjQlItVHEyUXlKcXRlZW1mRWdsRF82clBTc1ZIbktmT0tJQg?oc=5\" target=\"_blank\" rel=\"noopener\">Qui \u00e9tait Jean Pormanove, l\u2019influenceur d\u00e9c\u00e9d\u00e9 en live ?<\/a>&nbsp;&nbsp;Charente Libre<\/li>\n<li><a href=\"https:\/\/news.google.com\/rss\/articles\/CBMizgFBVV95cUxOaGE2ZFBqS1Y2QWd2cXJUdW0zeXp0NHlacDBaZ29PUDhma3JEbkN6SGRpT3hESmN4aUdrTDV1eG9BV2pnekFKbHczTXRYV25RM01zdWZ2RWFiQVMtOUo5ODZLTU5QRjdSY0V2bGd1YWFZcDh3aTNFUW5VeHY1cnAwYkJpZ2tyVkJYRmdNRXkxamRkeDdyNUFOdXhoUHVVcXoxQ1Z3X2lpS3dlM1ZhQTk1VERpTVhRXzdNazZ0SnlNTDZMVmdUdzR5NHZUQUZIZw?oc=5\" target=\"_blank\" rel=\"noopener\">Le streameur Jeanpormanove retrouv\u00e9 mort \u00e0 l&rsquo;\u00e2ge de 46 ans<\/a>&nbsp;&nbsp;BFMTV<\/li>\n<li><a href=\"https:\/\/news.google.com\/rss\/articles\/CBMiwwFBVV95cUxNd0txeVI3UnJyN0RUdi1lemlzSjR6VkhnVS1Rbm5aOUE4cnAyaVk1UkQ3ZDkxN20wN0dHU3hncGZIM1MycEhJR2U4TXhQTzdLbjJXaU93SEd0d0QzTVB2VUdYdENidmxpbm1fV29rUXJubUJIWnQ3Sy11OVNFaEJDTFRGams4Q3E3dkF0NWJQU2pQS19LbTFGLTZqVlVsdGZiaVk3bmVoYm1yZlVlZXdYVFhETTVGRTU2VG9fMmluMHJNWEE?oc=5\" target=\"_blank\" rel=\"noopener\">Le streameur Jeanpormanove retrouv\u00e9 mort chez lui \u00e0 l&rsquo;\u00e2ge de 46 ans<\/a>&nbsp;&nbsp;Portail Orange<\/li>\n<\/ol>\n","protected":false},"excerpt":{"rendered":"Victime de maltraitance en ligne depuis des mois, le streamer \u00ab Jean Pormanove \u00bb d\u00e9c\u00e8de en direct&nbsp;&nbsp;Mediapart D\u00e9c\u00e8s&hellip;\n","protected":false},"author":2,"featured_media":327766,"comment_status":"","ping_status":"","sticky":false,"template":"","format":"standard","meta":{"footnotes":""},"categories":[8],"tags":[5894,58,59,1011,27,11702,128],"class_list":{"0":"post-327765","1":"post","2":"type-post","3":"status-publish","4":"format-standard","5":"has-post-thumbnail","7":"category-divertissement","8":"tag-discriminations","9":"tag-divertissement","10":"tag-entertainment","11":"tag-fr","12":"tag-france","13":"tag-plateformes-numeriques","14":"tag-streaming"},"share_on_mastodon":{"url":"https:\/\/pubeurope.com\/@fr\/115051494439852674","error":""},"_links":{"self":[{"href":"https:\/\/www.europesays.com\/fr\/wp-json\/wp\/v2\/posts\/327765","targetHints":{"allow":["GET"]}}],"collection":[{"href":"https:\/\/www.europesays.com\/fr\/wp-json\/wp\/v2\/posts"}],"about":[{"href":"https:\/\/www.europesays.com\/fr\/wp-json\/wp\/v2\/types\/post"}],"author":[{"embeddable":true,"href":"https:\/\/www.europesays.com\/fr\/wp-json\/wp\/v2\/users\/2"}],"replies":[{"embeddable":true,"href":"https:\/\/www.europesays.com\/fr\/wp-json\/wp\/v2\/comments?post=327765"}],"version-history":[{"count":0,"href":"https:\/\/www.europesays.com\/fr\/wp-json\/wp\/v2\/posts\/327765\/revisions"}],"wp:featuredmedia":[{"embeddable":true,"href":"https:\/\/www.europesays.com\/fr\/wp-json\/wp\/v2\/media\/327766"}],"wp:attachment":[{"href":"https:\/\/www.europesays.com\/fr\/wp-json\/wp\/v2\/media?parent=327765"}],"wp:term":[{"taxonomy":"category","embeddable":true,"href":"https:\/\/www.europesays.com\/fr\/wp-json\/wp\/v2\/categories?post=327765"},{"taxonomy":"post_tag","embeddable":true,"href":"https:\/\/www.europesays.com\/fr\/wp-json\/wp\/v2\/tags?post=327765"}],"curies":[{"name":"wp","href":"https:\/\/api.w.org\/{rel}","templated":true}]}}