{"id":327769,"date":"2025-08-18T19:48:11","date_gmt":"2025-08-18T19:48:11","guid":{"rendered":"https:\/\/www.europesays.com\/fr\/327769\/"},"modified":"2025-08-18T19:48:11","modified_gmt":"2025-08-18T19:48:11","slug":"les-peugeot-308-massivement-rappelees-a-cause-de-leurs-ceintures-de-securite","status":"publish","type":"post","link":"https:\/\/www.europesays.com\/fr\/327769\/","title":{"rendered":"Les Peugeot 308 massivement rappel\u00e9es \u00e0 cause de leurs ceintures de s\u00e9curit\u00e9"},"content":{"rendered":"<p>En bref<\/p>\n<ul class=\"ed__lists ed__bdy__l\">\n<li>Des Peugeot 308 sont rappel\u00e9es \u00e0 cause de ceintures de s\u00e9curit\u00e9 arri\u00e8res d\u00e9fectueuses.<\/li>\n<li>L&rsquo;ancrage pourrait ne pas r\u00e9sister \u00e0 un choc, pouvant ainsi blesser les passagers.<\/li>\n<li>Si votre mod\u00e8le est concern\u00e9, contactez votre concessionnaire.<\/li>\n<\/ul>\n<p class=\"ed__a-p ed__bdy__l\">Pas plus tard que ce matin, lundi 18 ao\u00fbt, nous relayions le <a href=\"https:\/\/www.lesnumeriques.com\/voiture-thermique\/un-risque-grave-rappel-majeur-chez-stellantis-une-fuite-de-carburant-menace-238-000-vehicules-n241075.html\" title=\"Un \u201crisque grave\u201d : rappel majeur chez Stellantis, une fuite de carburant menace 238 000 v\u00e9hicules\" rel=\"nofollow noopener\" target=\"_blank\">rappel de 238 000 v\u00e9hicules Stellantis pour des risques autour de fuites de carburant<\/a>. La journ\u00e9e n&rsquo;\u00e9tant pas encore termin\u00e9e que voici un nouveau rappel concernant cette fois sp\u00e9cifiquement des v\u00e9hicules Peugeot.<\/p>\n<p class=\"ed__a-p ed__bdy__l\">En cause, des ceintures de s\u00e9curit\u00e9 arri\u00e8res de la tr\u00e8s r\u00e9pandue Peugeot 308 qui peuvent se d\u00e9tacher en cas d&rsquo;impact.<\/p>\n<p>            Publicit\u00e9, votre contenu continue ci-dessous<\/p>\n<p>        Publicit\u00e9<\/p>\n<p>Un rappel europ\u00e9en pour les Peugeot 308<\/p>\n<p class=\"ed__a-p ed__bdy__l\">Le motif exact est le suivant : \u00ab\u00a0Les ancrages de ceinture de s\u00e9curit\u00e9 du si\u00e8ge arri\u00e8re peuvent ne pas r\u00e9sister suffisamment \u00e0 l&rsquo;impact de la force. Cela pourrait limiter la capacit\u00e9 du r\u00e9tracteur \u00e0 retenir un passager en cas d\u2019accident entra\u00eenant des blessures.\u00a0\u00bb<\/p>\n<p class=\"ed__a-p ed__bdy__l\">Une campagne de rappel au niveau europ\u00e9en a donc \u00e9t\u00e9 lanc\u00e9e. Elle concerne les v\u00e9hicules produits entre le 12 octobre 2015 et le 1\u1d49\u02b3 d\u00e9cembre 2019.<\/p>\n<p class=\"ed__a-p ed__bdy__l\">Pour v\u00e9rifier si sa Peugeot 308 est concern\u00e9e, direction la case K sur sa carte grise. Les num\u00e9ros d\u2019homologation des voitures concern\u00e9es vont de e2 2007\/46 0405 04 jusqu&rsquo;\u00e0 e2 2007\/46 0405 26.<\/p>\n<p class=\"ed__a-p ed__bdy__l\">Le cas \u00e9ch\u00e9ant, il faut contacter son concessionnaire Peugeot, qui r\u00e9alisera un \u00e9change de pi\u00e8ces gratuit. Esp\u00e9rons \u00e9galement que le constructeur prendra les devants en contactant directement les conducteurs concern\u00e9s.<\/p>\n<p>Ann\u00e9e noire pour Stellantis, mais pas que<\/p>\n<p class=\"ed__a-p ed__bdy__l\">Outre ce probl\u00e8me de ceinture et les multiples soucis d&rsquo;airbags et de moteurs de v\u00e9hicules Stellantis, le 15 ao\u00fbt, des fourgonnettes Toyota Proace Max et Proace Max BEV ont \u00e9galement \u00e9t\u00e9 rappel\u00e9es (e3 2018\/858 00106 01 et e3 2018\/858 00106 02).<\/p>\n<p class=\"ed__a-p ed__bdy__l\">La raison est la suivante : \u00ab\u00a0Lorsque le conducteur d\u00e9sactive et r\u00e9active le frein d&rsquo;urgence automatique (AEB) au cours du m\u00eame cycle de conduite, il reste d\u00e9sactiv\u00e9 sans qu&rsquo;un voyant d&rsquo;avertissement n&rsquo;indique la d\u00e9sactivation. Cela peut augmenter le risque d\u2019accident.\u00a0\u00bb<\/p>\n","protected":false},"excerpt":{"rendered":"En bref Des Peugeot 308 sont rappel\u00e9es \u00e0 cause de ceintures de s\u00e9curit\u00e9 arri\u00e8res d\u00e9fectueuses. L&rsquo;ancrage pourrait ne&hellip;\n","protected":false},"author":2,"featured_media":327770,"comment_status":"","ping_status":"","sticky":false,"template":"","format":"standard","meta":{"footnotes":""},"categories":[6],"tags":[35,33,34,1011,27],"class_list":{"0":"post-327769","1":"post","2":"type-post","3":"status-publish","4":"format-standard","5":"has-post-thumbnail","7":"category-economie","8":"tag-business","9":"tag-economie","10":"tag-economy","11":"tag-fr","12":"tag-france"},"share_on_mastodon":{"url":"https:\/\/pubeurope.com\/@fr\/115051502526824757","error":""},"_links":{"self":[{"href":"https:\/\/www.europesays.com\/fr\/wp-json\/wp\/v2\/posts\/327769","targetHints":{"allow":["GET"]}}],"collection":[{"href":"https:\/\/www.europesays.com\/fr\/wp-json\/wp\/v2\/posts"}],"about":[{"href":"https:\/\/www.europesays.com\/fr\/wp-json\/wp\/v2\/types\/post"}],"author":[{"embeddable":true,"href":"https:\/\/www.europesays.com\/fr\/wp-json\/wp\/v2\/users\/2"}],"replies":[{"embeddable":true,"href":"https:\/\/www.europesays.com\/fr\/wp-json\/wp\/v2\/comments?post=327769"}],"version-history":[{"count":0,"href":"https:\/\/www.europesays.com\/fr\/wp-json\/wp\/v2\/posts\/327769\/revisions"}],"wp:featuredmedia":[{"embeddable":true,"href":"https:\/\/www.europesays.com\/fr\/wp-json\/wp\/v2\/media\/327770"}],"wp:attachment":[{"href":"https:\/\/www.europesays.com\/fr\/wp-json\/wp\/v2\/media?parent=327769"}],"wp:term":[{"taxonomy":"category","embeddable":true,"href":"https:\/\/www.europesays.com\/fr\/wp-json\/wp\/v2\/categories?post=327769"},{"taxonomy":"post_tag","embeddable":true,"href":"https:\/\/www.europesays.com\/fr\/wp-json\/wp\/v2\/tags?post=327769"}],"curies":[{"name":"wp","href":"https:\/\/api.w.org\/{rel}","templated":true}]}}