{"id":327771,"date":"2025-08-18T19:49:10","date_gmt":"2025-08-18T19:49:10","guid":{"rendered":"https:\/\/www.europesays.com\/fr\/327771\/"},"modified":"2025-08-18T19:49:10","modified_gmt":"2025-08-18T19:49:10","slug":"une-voiture-retrouvee-dans-le-mississippi-pourrait-avoir-resolu-un-cold-case-vieux-de-58-ans","status":"publish","type":"post","link":"https:\/\/www.europesays.com\/fr\/327771\/","title":{"rendered":"Une voiture retrouv\u00e9e dans le Mississippi pourrait avoir r\u00e9solu un cold case vieux de 58 ans"},"content":{"rendered":"<p>Aux <a href=\"https:\/\/www.20minutes.fr\/monde\/etats-unis\/\" target=\"_blank\" class=\"c-link c-link--is-underlined\" rel=\"noopener\">Etats-Unis<\/a>, \u00e0 Sartell, dans le Minnesota, une simple partie de <a href=\"https:\/\/www.20minutes.fr\/dossier\/peche\" target=\"_blank\" class=\"c-link c-link--is-underlined\" rel=\"noopener\">p\u00eache<\/a> a permis de r\u00e9soudre l\u2019un des myst\u00e8res les plus persistants de l\u2019Etat. Alors qu\u2019il utilisait un sonar Garmin Livescope, Brody Loch a rep\u00e9r\u00e9 par hasard une voiture enfouie \u00e0 environ six m\u00e8tres sous les eaux du Mississippi, rapporte <a href=\"https:\/\/www.cbsnews.com\/minnesota\/news\/sartell-car-found-fisherman-crack-in-cold-case\/\" rel=\"nofollow noopener\" target=\"_blank\" class=\"c-link c-link--is-underlined\">CBS News<\/a>.<\/p>\n<p>L\u2019homme, originaire de Watkins, a fait la d\u00e9couverte samedi et y est retourn\u00e9 le lendemain avec sa famille avant d\u2019alerter les autorit\u00e9s. Les enqu\u00eateurs ont confirm\u00e9 que le v\u00e9hicule, une Buick des ann\u00e9es\u00a01960, appartenait \u00e0 Roy Benn, disparu en\u00a01967 apr\u00e8s avoir \u00e9t\u00e9 vu quittant le King\u2019s Supper Club. Sa <a href=\"https:\/\/www.20minutes.fr\/dossier\/disparition\" target=\"_blank\" class=\"c-link c-link--is-underlined\" rel=\"noopener\">disparition<\/a> avait fait la une de la presse locale \u00e0 l\u2019\u00e9poque, certains m\u00e9dias affirmant qu\u2019il portait une importante somme d\u2019argent.<\/p>\n<\/p>\n<p>Des restes humains \u00e0 l\u2019int\u00e9rieur de la voiture<\/p>\n<p>Le chef de la <a href=\"https:\/\/www.20minutes.fr\/dossier\/police\" target=\"_blank\" class=\"c-link c-link--is-underlined\" rel=\"noopener\">police<\/a> de Sartell, Brandon Silgjord, a soulign\u00e9 l\u2019importance de la d\u00e9couverte. \u00ab\u00a0Tons de cr\u00e9dit pour un p\u00eacheur qui a su voir \u00e7a et surtout avoir le r\u00e9flexe d\u2019appeler le sh\u00e9rif\u00a0\u00bb, a-t-il d\u00e9clar\u00e9 \u00e0 <a href=\"https:\/\/www.20minutes.fr\/dossier\/cbs\" target=\"_blank\" class=\"c-link c-link--is-underlined\" rel=\"noopener\">CBS News<\/a>. Selon lui, les moyens d\u2019investigation de l\u2019\u00e9poque n\u2019avaient pas permis d\u2019explorer des zones comme le Mississippi ou certaines carri\u00e8res \u00e9voqu\u00e9es dans les dossiers.<\/p>\n<p><a href=\"https:\/\/www.20minutes.fr\/monde\/etats-unis\/\" target=\"_blank\" class=\"c-link c-btn c-btn--primary\" rel=\"noopener\">Notre dossier sur les Etats-Unis<\/a><\/p>\n<p>A l\u2019int\u00e9rieur du <a href=\"https:\/\/www.20minutes.fr\/dossier\/voiture\" target=\"_blank\" class=\"c-link c-link--is-underlined\" rel=\"noopener\">v\u00e9hicule<\/a>, les enqu\u00eateurs ont retrouv\u00e9 des restes humains, tr\u00e8s probablement ceux de Roy Benn. Des objets personnels et des v\u00eatements ont \u00e9galement \u00e9t\u00e9 r\u00e9cup\u00e9r\u00e9s, \u00e9l\u00e9ments qui pourraient aider \u00e0 reconstituer les circonstances de sa mort. L\u2019affaire est d\u00e9sormais entre les mains du bureau du sh\u00e9rif du comt\u00e9 de Benton, qui m\u00e8ne les analyses pour confirmer l\u2019identit\u00e9 et tenter de lever le voile sur un myst\u00e8re qui aura travers\u00e9 six d\u00e9cennies.<\/p>\n","protected":false},"excerpt":{"rendered":"Aux Etats-Unis, \u00e0 Sartell, dans le Minnesota, une simple partie de p\u00eache a permis de r\u00e9soudre l\u2019un des&hellip;\n","protected":false},"author":2,"featured_media":327772,"comment_status":"","ping_status":"","sticky":false,"template":"","format":"standard","meta":{"footnotes":""},"categories":[5],"tags":[47,11,3495,2715,1067,73,1011,27,14,74,12,4838,1072,28],"class_list":{"0":"post-327771","1":"post","2":"type-post","3":"status-publish","4":"format-standard","5":"has-post-thumbnail","7":"category-international","8":"tag-actualite","9":"tag-actualites","10":"tag-cold-case","11":"tag-disparition","12":"tag-enquete","13":"tag-etats-unis","14":"tag-fr","15":"tag-france","16":"tag-international","17":"tag-monde","18":"tag-news","19":"tag-peche","20":"tag-police","21":"tag-world"},"share_on_mastodon":{"url":"https:\/\/pubeurope.com\/@fr\/115051506184878506","error":""},"_links":{"self":[{"href":"https:\/\/www.europesays.com\/fr\/wp-json\/wp\/v2\/posts\/327771","targetHints":{"allow":["GET"]}}],"collection":[{"href":"https:\/\/www.europesays.com\/fr\/wp-json\/wp\/v2\/posts"}],"about":[{"href":"https:\/\/www.europesays.com\/fr\/wp-json\/wp\/v2\/types\/post"}],"author":[{"embeddable":true,"href":"https:\/\/www.europesays.com\/fr\/wp-json\/wp\/v2\/users\/2"}],"replies":[{"embeddable":true,"href":"https:\/\/www.europesays.com\/fr\/wp-json\/wp\/v2\/comments?post=327771"}],"version-history":[{"count":0,"href":"https:\/\/www.europesays.com\/fr\/wp-json\/wp\/v2\/posts\/327771\/revisions"}],"wp:featuredmedia":[{"embeddable":true,"href":"https:\/\/www.europesays.com\/fr\/wp-json\/wp\/v2\/media\/327772"}],"wp:attachment":[{"href":"https:\/\/www.europesays.com\/fr\/wp-json\/wp\/v2\/media?parent=327771"}],"wp:term":[{"taxonomy":"category","embeddable":true,"href":"https:\/\/www.europesays.com\/fr\/wp-json\/wp\/v2\/categories?post=327771"},{"taxonomy":"post_tag","embeddable":true,"href":"https:\/\/www.europesays.com\/fr\/wp-json\/wp\/v2\/tags?post=327771"}],"curies":[{"name":"wp","href":"https:\/\/api.w.org\/{rel}","templated":true}]}}