{"id":327777,"date":"2025-08-18T19:52:19","date_gmt":"2025-08-18T19:52:19","guid":{"rendered":"https:\/\/www.europesays.com\/fr\/327777\/"},"modified":"2025-08-18T19:52:19","modified_gmt":"2025-08-18T19:52:19","slug":"comment-le-sdis-de-la-loire-sorganise-pour-aider-les-pompiers-des-autres-departements","status":"publish","type":"post","link":"https:\/\/www.europesays.com\/fr\/327777\/","title":{"rendered":"Comment le SDIS de la Loire s&rsquo;organise pour aider les pompiers des autres d\u00e9partements ?"},"content":{"rendered":"<p><img decoding=\"async\" class=\"\" style=\"width:100%\" src=\"https:\/\/www.europesays.com\/fr\/wp-content\/uploads\/2025\/08\/SDIS1755509252358.jpg\" alt=\"20 pompiers lig\u00e9riens sont partis \u00e0 Aix-en-Provence pour se tenir pr\u00eat si un incendie se d\u00e9clare\"\/><\/p>\n<p>20 pompiers lig\u00e9riens sont partis \u00e0 Aix-en-Provence pour se tenir pr\u00eat si un incendie se d\u00e9clare<\/p>\n<p>Cr\u00e9dit : SDIS de la Loire<\/p>\n<p>Pas de feux de for\u00eat ce weekend \u00e0 Aix-en-Provence, malgr\u00e9 le risque \u00e9lev\u00e9. Pourtant les pompiers du SDIS 42 se tienent pr\u00eats \u00e0 intervenir. 20 d&rsquo;entre eux sont d\u00e9j\u00e0 sur place depuis le 15 ao\u00fbt. Ils resteront une semaine \u00e0 l&rsquo;\u00e9cole nationale sup\u00e9rieure des officiers sapeurs-pompiers d&rsquo;Aix-en-Provence.<\/p>\n<p>Groupement d&rsquo;intervention de feux de for\u00eat<\/p>\n<p>Ces unit\u00e9s font des allers-retours de la Loire jusqu&rsquo;aux d\u00e9partements o\u00f9 le risque d&rsquo;incendie est \u00e9lev\u00e9, et ce, depuis le d\u00e9but de l&rsquo;\u00e9t\u00e9. Une colone appell\u00e9e \u00ab\u00a0Sud-Est Charlie\u00a0\u00bb a \u00e9t\u00e9 constitu\u00e9e avec le volontaires du SDIS de la Loire, mais aussi de l&rsquo;Is\u00e8re et de Haute-Savoie et envoy\u00e9e sur place. \u00ab\u00a0Il est pr\u00e9f\u00e9rable qu&rsquo;on soit d\u00e9j\u00e0 post\u00e9s dans le sud, pr\u00eats \u00e0 intervenir, que de rester chacun dans nos SDIS\u00a0\u00bb, reconnait le lieutenant Karine Joubart, qui est \u00e0 la t\u00eate du groupement pour la semaine. \u00ab\u00a0On donne nos disponibilit\u00e9s, et on sait qu&rsquo;on peut \u00eatre envoy\u00e9 pendant une semaine. Alors il faut penser \u00e0 tout : des pansements pour les ampoules, de l&rsquo;eau et aussi un oreiller, car on ne sait pas o\u00f9 on va dormir, \u00e7a peut \u00eatre dans un gymnase\u00a0\u00bb, racontre Karine Joubart.<\/p>\n<p>Finalement, aucun feu ne s&rsquo;est d\u00e9clar\u00e9 ni samedi, ni dimanche. La colone \u00ab\u00a0Sud-est Charlie\u00a0\u00bb est donc rest\u00e9e \u00e0 l&rsquo;\u00e9cole nationale sup\u00e9rieure des officiers sapeurs-pompiers o\u00f9 elle s&rsquo;est entrain\u00e9e. Mais ce m\u00eame dispositif avait \u00e9t\u00e9 <a href=\"https:\/\/www.activradio.com\/14-pompiers-ligeriens-en-renfort-pour-lutter-contre-l-incendie-dans-l-aude\" rel=\"noopener\" target=\"_blank\">d\u00e9ploy\u00e9 d\u00e9but ao\u00fbt<\/a>, o\u00f9 un incendie dans l&rsquo;Aude qui avait ravag\u00e9 plus de 16 000 hectares. \u00ab\u00a0Il y a de plus en plus de feux, ces derni\u00e8res ann\u00e9es, et pas seulement dans le bassin m\u00e9diterran\u00e9en, comme c&rsquo;\u00e9tait le cas avant. En tant que pompier, je me sens utile. Il y a toujours une petite appr\u00e9hension quand on part : on ne sait pas ce qu&rsquo;on va trouver. Mais on est form\u00e9s pour cela, et une fois sur le terrain, on n&rsquo;a pas le temps de r\u00e9fl\u00e9chir.\u00a0\u00bb<\/p>\n","protected":false},"excerpt":{"rendered":"20 pompiers lig\u00e9riens sont partis \u00e0 Aix-en-Provence pour se tenir pr\u00eat si un incendie se d\u00e9clare Cr\u00e9dit :&hellip;\n","protected":false},"author":2,"featured_media":327778,"comment_status":"","ping_status":"","sticky":false,"template":"","format":"standard","meta":{"footnotes":""},"categories":[9653],"tags":[1111,11,2430,1777,674,1312,27571,1011,27,46466,1310,12,4775,25,4001,21197],"class_list":{"0":"post-327777","1":"post","2":"type-post","3":"status-publish","4":"format-standard","5":"has-post-thumbnail","7":"category-saint-etienne","8":"tag-actu","9":"tag-actualites","10":"tag-auvergne-rhone-alpes","11":"tag-eu","12":"tag-europe","13":"tag-feu","14":"tag-feux-de-foret","15":"tag-fr","16":"tag-france","17":"tag-groupement-dintervention","18":"tag-incendie","19":"tag-news","20":"tag-pompier","21":"tag-republique-francaise","22":"tag-saint-etienne","23":"tag-sdis"},"share_on_mastodon":{"url":"https:\/\/pubeurope.com\/@fr\/115051517981118773","error":""},"_links":{"self":[{"href":"https:\/\/www.europesays.com\/fr\/wp-json\/wp\/v2\/posts\/327777","targetHints":{"allow":["GET"]}}],"collection":[{"href":"https:\/\/www.europesays.com\/fr\/wp-json\/wp\/v2\/posts"}],"about":[{"href":"https:\/\/www.europesays.com\/fr\/wp-json\/wp\/v2\/types\/post"}],"author":[{"embeddable":true,"href":"https:\/\/www.europesays.com\/fr\/wp-json\/wp\/v2\/users\/2"}],"replies":[{"embeddable":true,"href":"https:\/\/www.europesays.com\/fr\/wp-json\/wp\/v2\/comments?post=327777"}],"version-history":[{"count":0,"href":"https:\/\/www.europesays.com\/fr\/wp-json\/wp\/v2\/posts\/327777\/revisions"}],"wp:featuredmedia":[{"embeddable":true,"href":"https:\/\/www.europesays.com\/fr\/wp-json\/wp\/v2\/media\/327778"}],"wp:attachment":[{"href":"https:\/\/www.europesays.com\/fr\/wp-json\/wp\/v2\/media?parent=327777"}],"wp:term":[{"taxonomy":"category","embeddable":true,"href":"https:\/\/www.europesays.com\/fr\/wp-json\/wp\/v2\/categories?post=327777"},{"taxonomy":"post_tag","embeddable":true,"href":"https:\/\/www.europesays.com\/fr\/wp-json\/wp\/v2\/tags?post=327777"}],"curies":[{"name":"wp","href":"https:\/\/api.w.org\/{rel}","templated":true}]}}