{"id":327785,"date":"2025-08-18T19:58:10","date_gmt":"2025-08-18T19:58:10","guid":{"rendered":"https:\/\/www.europesays.com\/fr\/327785\/"},"modified":"2025-08-18T19:58:10","modified_gmt":"2025-08-18T19:58:10","slug":"un-candidat-aux-municipales-de-toulon-interpelle-pour-une-serie-dimpostures-2","status":"publish","type":"post","link":"https:\/\/www.europesays.com\/fr\/327785\/","title":{"rendered":"Un candidat aux municipales de Toulon interpell\u00e9 pour une s\u00e9rie d\u2019impostures"},"content":{"rendered":"<p><strong>Le jeune homme de 18 ans, vis\u00e9 par un mandat de recherche, est soup\u00e7onn\u00e9 d\u2019avoir usurp\u00e9 plusieurs identit\u00e9s pour escroquer ses interlocuteurs.<\/strong><\/p>\n<p>Eddie Goujit, qui avait annonc\u00e9 sa candidature aux \u00e9lections municipales de 2026 \u00e0 Toulon, a \u00e9t\u00e9 interpell\u00e9 lundi dans l\u2019Ard\u00e8che. Le jeune homme, \u00e2g\u00e9 de 18 ans, faisait l\u2019objet d\u2019un mandat de recherche depuis plusieurs mois pour des faits pr\u00e9sum\u00e9s d\u2019escroquerie, de falsification et d\u2019usurpation de fonction. Il travaillait comme saisonnier dans un camping au moment de son arrestation.<\/p>\n<p>Les enqu\u00eateurs lui reprochent d\u2019avoir endoss\u00e9 \u00e0 plusieurs reprises des identit\u00e9s fictives, notamment celles d\u2019un \u00e9lu r\u00e9gional, d\u2019un collaborateur de la maire de Toulon ou encore d\u2019un proche d\u2019anciens responsables politiques locaux. Ces man\u0153uvres auraient permis au jeune homme de tromper plusieurs personnes entre 2024 et 2025, dans le Var et ailleurs en France.<\/p>\n<p>Malgr\u00e9 ses d\u00e9clarations publiques affirmant sa volont\u00e9 de coop\u00e9rer avec la justice, il n\u2019avait jamais r\u00e9pondu aux convocations des autorit\u00e9s. Le parquet de Toulon a pris en charge l\u2019affaire, tandis que l\u2019int\u00e9ress\u00e9 a \u00e9t\u00e9 plac\u00e9 en garde \u00e0 vue. En f\u00e9vrier dernier, il avait ni\u00e9 avec v\u00e9h\u00e9mence les accusations port\u00e9es contre lui, exigeant des preuves tangibles. L\u2019enqu\u00eate d\u00e9terminera d\u00e9sormais la suite \u00e0 donner \u00e0 cette affaire.<\/p>\n","protected":false},"excerpt":{"rendered":"Le jeune homme de 18 ans, vis\u00e9 par un mandat de recherche, est soup\u00e7onn\u00e9 d\u2019avoir usurp\u00e9 plusieurs identit\u00e9s&hellip;\n","protected":false},"author":2,"featured_media":327786,"comment_status":"","ping_status":"","sticky":false,"template":"","format":"standard","meta":{"footnotes":""},"categories":[9619],"tags":[1111,11,1777,674,1011,27,12,882,25,2310],"class_list":{"0":"post-327785","1":"post","2":"type-post","3":"status-publish","4":"format-standard","5":"has-post-thumbnail","7":"category-toulon","8":"tag-actu","9":"tag-actualites","10":"tag-eu","11":"tag-europe","12":"tag-fr","13":"tag-france","14":"tag-news","15":"tag-provence-alpes-cote-dazur","16":"tag-republique-francaise","17":"tag-toulon"},"share_on_mastodon":{"url":"https:\/\/pubeurope.com\/@fr\/115051541528233789","error":""},"_links":{"self":[{"href":"https:\/\/www.europesays.com\/fr\/wp-json\/wp\/v2\/posts\/327785","targetHints":{"allow":["GET"]}}],"collection":[{"href":"https:\/\/www.europesays.com\/fr\/wp-json\/wp\/v2\/posts"}],"about":[{"href":"https:\/\/www.europesays.com\/fr\/wp-json\/wp\/v2\/types\/post"}],"author":[{"embeddable":true,"href":"https:\/\/www.europesays.com\/fr\/wp-json\/wp\/v2\/users\/2"}],"replies":[{"embeddable":true,"href":"https:\/\/www.europesays.com\/fr\/wp-json\/wp\/v2\/comments?post=327785"}],"version-history":[{"count":0,"href":"https:\/\/www.europesays.com\/fr\/wp-json\/wp\/v2\/posts\/327785\/revisions"}],"wp:featuredmedia":[{"embeddable":true,"href":"https:\/\/www.europesays.com\/fr\/wp-json\/wp\/v2\/media\/327786"}],"wp:attachment":[{"href":"https:\/\/www.europesays.com\/fr\/wp-json\/wp\/v2\/media?parent=327785"}],"wp:term":[{"taxonomy":"category","embeddable":true,"href":"https:\/\/www.europesays.com\/fr\/wp-json\/wp\/v2\/categories?post=327785"},{"taxonomy":"post_tag","embeddable":true,"href":"https:\/\/www.europesays.com\/fr\/wp-json\/wp\/v2\/tags?post=327785"}],"curies":[{"name":"wp","href":"https:\/\/api.w.org\/{rel}","templated":true}]}}