{"id":327793,"date":"2025-08-18T20:05:27","date_gmt":"2025-08-18T20:05:27","guid":{"rendered":"https:\/\/www.europesays.com\/fr\/327793\/"},"modified":"2025-08-18T20:05:27","modified_gmt":"2025-08-18T20:05:27","slug":"ligue-2-gf38-un-attaquant-bientot-de-retour-un-autre-sur-le-depart","status":"publish","type":"post","link":"https:\/\/www.europesays.com\/fr\/327793\/","title":{"rendered":"Ligue 2. GF38\u00a0: un attaquant bient\u00f4t de retour, un autre sur le d\u00e9part\u00a0?"},"content":{"rendered":"<p>Il reste deux semaines lors du mercato estival 2025 et les choses pourraient s\u2019acc\u00e9l\u00e9rer dans la capitale des Alpes. Au Grenoble Foot 38, le gros chantier de l\u2019\u00e9t\u00e9 concerne l\u2019attaque et des noms commencent \u00e0 circuler.<\/p>\n<p>Selon plusieurs medias, dont Metro-sport.fr, Moussa Djitt\u00e9 pourrait revenir en Is\u00e8re. L\u2019attaquant s\u00e9n\u00e9galais (25 ans, 1,80\u00a0m, 74\u00a0kg) est en fin de contrat, apr\u00e8s une derni\u00e8re saison \u00e0 Al Faisaly Harmah en Arabie Saoudite (3 buts, 1 passe d\u00e9cisive).<\/p>\n<p>D\u00e9j\u00e0 pass\u00e9 au Grenoble Foot 38 entre\u00a02019 et\u00a02021 (67 matchs, 15 buts), l\u2019avant-centre a ensuite tent\u00e9 sa chance dans les championnats am\u00e9ricain (Austin) et turque (Bandirmaspor et Gen\u00e7lerbirligi), via un retour express dans l\u2019Hexagone (AC Ajaccio, printemps 2023).<\/p>\n<p>Son arriv\u00e9e soulagerait <a title=\"football L2 Troyes vs GF38 rebond Diaby\" href=\"https:\/\/www.ledauphine.com\/sport\/2025\/08\/11\/gf38-yadaly-diaby-peut-il-etre-le-buteur-que-le-club-cherche-depuis-longtemps\" target=\"_blank\" rel=\"noopener\">un GF38 en panne d\u2019attaquants efficaces depuis un an<\/a>. M\u00eame si ses dirigeants, contact\u00e9s par nos soins, n\u2019ont pas confirm\u00e9 leur int\u00e9r\u00eat pour le joueur.<\/p>\n<p><a href=\"https:\/\/www.ledauphine.com\/sport\/calendrier-resultats\/football\/national-ligue-2\" target=\"_blank\" rel=\"noopener\">&gt;&gt; Retrouvez le calendrier, le classement et les r\u00e9sultats de la Ligue 2<\/a><\/p>\n<p>  Sylvestre et Tchaptchet en salle d\u2019attente<\/p>\n<p>Dans le sens inverse, et toujours sur le front de l\u2019attaque, le GF38 pourrait perdre Eddy Sylvestre. L\u2019ancien joueur de Pau a disput\u00e9 les deux premi\u00e8res journ\u00e9es du championnat 2025-2026 (\u00e0 Troyes, 1-2 et <a href=\"https:\/\/www.ledauphine.com\/sport\/2025\/08\/15\/le-gf38-accroche-par-laval-au-stade-des-alpes%20\" target=\"_blank\" title=\"football L2 GF38 vs Laval C-R\" rel=\"noopener\">contre Laval, 1-1<\/a> ) mais souhaite toujours quitter un club o\u00f9 il a rarement sa chance comme titulaire.<\/p>\n<p>Le joueur de 26 ans (\u00e0 la fin du mois) b\u00e9n\u00e9ficie d\u2019un bon de sortie\u00a0; mais selon ses dirigeants \u00e0 Grenoble, \u00ab\u00a0nous n\u2019avons re\u00e7u aucune offre pour Eddy\u00a0\u00bb.<\/p>\n<p>Ce bon de sortie est aussi valable pour Allan Tchaptchet (d\u00e9fenseur central de 23 ans), pas encore align\u00e9 cette saison par <a href=\"https:\/\/www.ledauphine.com\/p\/franck-rizzetto\" target=\"_blank\" rel=\"noopener\">Franck Rizzetto<\/a> et en attente d\u2019une proposition satisfaisante d\u2019un nouveau club.<\/p>\n","protected":false},"excerpt":{"rendered":"Il reste deux semaines lors du mercato estival 2025 et les choses pourraient s\u2019acc\u00e9l\u00e9rer dans la capitale des&hellip;\n","protected":false},"author":2,"featured_media":327794,"comment_status":"","ping_status":"","sticky":false,"template":"","format":"standard","meta":{"footnotes":""},"categories":[9566],"tags":[1111,11,2430,112,113,114,1777,674,1701,63,1011,27,12637,2731,2732,108,12636,23100,12,25,517],"class_list":{"0":"post-327793","1":"post","2":"type-post","3":"status-publish","4":"format-standard","5":"has-post-thumbnail","7":"category-grenoble","8":"tag-actu","9":"tag-actualites","10":"tag-auvergne-rhone-alpes","11":"tag-edition-grenoble-agglomeration","12":"tag-edition-gresivaudan-oisans","13":"tag-edition-voiron-saint-marcellin","14":"tag-eu","15":"tag-europe","16":"tag-fil-info-sport","17":"tag-football","18":"tag-fr","19":"tag-france","20":"tag-gf38-grenoble-foot-38","21":"tag-grenoble","22":"tag-grenoble-bassin","23":"tag-isere","24":"tag-ligue-2-football","25":"tag-mercato-football","26":"tag-news","27":"tag-republique-francaise","28":"tag-sport"},"share_on_mastodon":{"url":"https:\/\/pubeurope.com\/@fr\/115051569037163597","error":""},"_links":{"self":[{"href":"https:\/\/www.europesays.com\/fr\/wp-json\/wp\/v2\/posts\/327793","targetHints":{"allow":["GET"]}}],"collection":[{"href":"https:\/\/www.europesays.com\/fr\/wp-json\/wp\/v2\/posts"}],"about":[{"href":"https:\/\/www.europesays.com\/fr\/wp-json\/wp\/v2\/types\/post"}],"author":[{"embeddable":true,"href":"https:\/\/www.europesays.com\/fr\/wp-json\/wp\/v2\/users\/2"}],"replies":[{"embeddable":true,"href":"https:\/\/www.europesays.com\/fr\/wp-json\/wp\/v2\/comments?post=327793"}],"version-history":[{"count":0,"href":"https:\/\/www.europesays.com\/fr\/wp-json\/wp\/v2\/posts\/327793\/revisions"}],"wp:featuredmedia":[{"embeddable":true,"href":"https:\/\/www.europesays.com\/fr\/wp-json\/wp\/v2\/media\/327794"}],"wp:attachment":[{"href":"https:\/\/www.europesays.com\/fr\/wp-json\/wp\/v2\/media?parent=327793"}],"wp:term":[{"taxonomy":"category","embeddable":true,"href":"https:\/\/www.europesays.com\/fr\/wp-json\/wp\/v2\/categories?post=327793"},{"taxonomy":"post_tag","embeddable":true,"href":"https:\/\/www.europesays.com\/fr\/wp-json\/wp\/v2\/tags?post=327793"}],"curies":[{"name":"wp","href":"https:\/\/api.w.org\/{rel}","templated":true}]}}