{"id":327799,"date":"2025-08-18T20:08:17","date_gmt":"2025-08-18T20:08:17","guid":{"rendered":"https:\/\/www.europesays.com\/fr\/327799\/"},"modified":"2025-08-18T20:08:17","modified_gmt":"2025-08-18T20:08:17","slug":"classement-shanghai-2025-deux-universites-du-grand-est-distinguees-a-lechelon-mondial","status":"publish","type":"post","link":"https:\/\/www.europesays.com\/fr\/327799\/","title":{"rendered":"Classement Shanghai 2025\u00a0: deux\u00a0universit\u00e9s du Grand Est distingu\u00e9es \u00e0 l\u2019\u00e9chelon mondial"},"content":{"rendered":"<p>Le classement de Shanghai 2025 a \u00e9t\u00e9\u00a0publi\u00e9 le 15\u00a0ao\u00fbt 2025. Deux universit\u00e9s de la R\u00e9gion Grand Est se distinguent\u00a0;<\/p>\n<li>L\u2019Universit\u00e9 de Strasbourg se classe 5e en France, 1re en dehors de Paris et entre la 101e et 150e \u00e0 l\u2019\u00e9chelon mondial. L\u2019universit\u00e9 figure dans le Top 50 mondial pour la chimie.<\/li>\n<li>L\u2019Universit\u00e9 de Lorraine\u00a0se hisse au 12e rang\u00a0en France et entre la 201e et 300e places\u00a0au niveau mondial , en compagnie d\u2019universit\u00e9s comme celles de Bordeaux et de Lyon 1 ou bien encore l\u2019Institut Polytechnique de Paris. Elle se distingue notamment pour ses activit\u00e9s dans le domaine de l\u2019ing\u00e9nierie mini\u00e8re avec une cinquanti\u00e8me place mondiale (1e en France).<\/li>\n<p>Ajoutons-y encore <a href=\"https:\/\/www.lasemaine.fr\/enseignement-formation\/enseignement-superieur-15-millions-deuros-investis-dans-georgia-tech-europe-a-metz\/\" data-type=\"post\" data-id=\"396423\" rel=\"nofollow noopener\" target=\"_blank\">Georgia Tech Europe (situ\u00e9 \u00e0 Metz)<\/a> puisque\u00a0The Georgia Institute of Technology se classe entre la 101e et la 150e place mondiale.<\/p>\n<p>2500 \u00e9tablissements pass\u00e9s en revue<\/p>\n<p>Une bonne nouvelle \u00e0 l\u2019heure o\u00f9 de nombreux projets et initiatives sont engag\u00e9s \u00e0 l\u2019\u00e9chelon r\u00e9gional pour acc\u00e9l\u00e9rer en mati\u00e8re de recherche et d\u2019innovation comme l\u2019illustre la r\u00e9cente signature d\u2019un accord <a href=\"https:\/\/www.lasemaine.fr\/enseignement-formation\/metz-philippe-baptiste-ministre-de-lenseignement-superieur-cette-feuille-de-route-fait-echo-a-celle-que-je-porte\/\" data-type=\"post\" data-id=\"396167\" rel=\"nofollow noopener\" target=\"_blank\">entre la R\u00e9gion et les universit\u00e9s du territoire<\/a>.<\/p>\n<p>Ce qui se passe dans le Grand Est<\/p>\n<p>Ce sont 2\u00a0500\u00a0\u00e9tablissements de l\u2019enseignement sup\u00e9rieur \u00e0 travers le monde entier qui ont \u00e9t\u00e9 pass\u00e9s en revue\u00a0et 1\u00a0000 ont \u00e9t\u00e9 class\u00e9s selon des crit\u00e8res calqu\u00e9s sur les normes des \u00c9tats-Unis, notamment l\u2019engagement des \u00e9tablissements d\u2019enseignement sup\u00e9rieur dans leurs activit\u00e9s de recherche.<\/p>\n<p>Paris-Saclay (13e), Paris Sciences et lettres (34e), Sorbonne Universit\u00e9 (43e) et l\u2019Universit\u00e9 Paris Cit\u00e9 (60e) sont les 4 universit\u00e9s fran\u00e7aises figurant dans le Top 100 du classement domin\u00e9, sans surprises, par les universit\u00e9s am\u00e9ricaines, Harvard se hissant sur la plus haute marche du podium devant Stanford et Massachusetts Institute of Technology (MIT).<\/p>\n","protected":false},"excerpt":{"rendered":"Le classement de Shanghai 2025 a \u00e9t\u00e9\u00a0publi\u00e9 le 15\u00a0ao\u00fbt 2025. Deux universit\u00e9s de la R\u00e9gion Grand Est se&hellip;\n","protected":false},"author":2,"featured_media":327800,"comment_status":"","ping_status":"","sticky":false,"template":"","format":"standard","meta":{"footnotes":""},"categories":[2820],"tags":[1111,11,1777,674,1011,27,775,12,25,640],"class_list":{"0":"post-327799","1":"post","2":"type-post","3":"status-publish","4":"format-standard","5":"has-post-thumbnail","7":"category-strasbourg","8":"tag-actu","9":"tag-actualites","10":"tag-eu","11":"tag-europe","12":"tag-fr","13":"tag-france","14":"tag-grand-est","15":"tag-news","16":"tag-republique-francaise","17":"tag-strasbourg"},"share_on_mastodon":{"url":"https:\/\/pubeurope.com\/@fr\/115051580834279724","error":""},"_links":{"self":[{"href":"https:\/\/www.europesays.com\/fr\/wp-json\/wp\/v2\/posts\/327799","targetHints":{"allow":["GET"]}}],"collection":[{"href":"https:\/\/www.europesays.com\/fr\/wp-json\/wp\/v2\/posts"}],"about":[{"href":"https:\/\/www.europesays.com\/fr\/wp-json\/wp\/v2\/types\/post"}],"author":[{"embeddable":true,"href":"https:\/\/www.europesays.com\/fr\/wp-json\/wp\/v2\/users\/2"}],"replies":[{"embeddable":true,"href":"https:\/\/www.europesays.com\/fr\/wp-json\/wp\/v2\/comments?post=327799"}],"version-history":[{"count":0,"href":"https:\/\/www.europesays.com\/fr\/wp-json\/wp\/v2\/posts\/327799\/revisions"}],"wp:featuredmedia":[{"embeddable":true,"href":"https:\/\/www.europesays.com\/fr\/wp-json\/wp\/v2\/media\/327800"}],"wp:attachment":[{"href":"https:\/\/www.europesays.com\/fr\/wp-json\/wp\/v2\/media?parent=327799"}],"wp:term":[{"taxonomy":"category","embeddable":true,"href":"https:\/\/www.europesays.com\/fr\/wp-json\/wp\/v2\/categories?post=327799"},{"taxonomy":"post_tag","embeddable":true,"href":"https:\/\/www.europesays.com\/fr\/wp-json\/wp\/v2\/tags?post=327799"}],"curies":[{"name":"wp","href":"https:\/\/api.w.org\/{rel}","templated":true}]}}