{"id":327801,"date":"2025-08-18T20:09:10","date_gmt":"2025-08-18T20:09:10","guid":{"rendered":"https:\/\/www.europesays.com\/fr\/327801\/"},"modified":"2025-08-18T20:09:10","modified_gmt":"2025-08-18T20:09:10","slug":"rafael-luis-rejoint-le-racing-officiel","status":"publish","type":"post","link":"https:\/\/www.europesays.com\/fr\/327801\/","title":{"rendered":"Rafael Luis rejoint le Racing (officiel)"},"content":{"rendered":"<p class=\"date\">\n                                                            Juba Touabi, Media365, publi\u00e9 le lundi 18 ao\u00fbt 2025 \u00e0 21h20\n                                                    <\/p>\n<p>Le Racing Club de Strasbourg continue d&rsquo;animer le march\u00e9 des transferts avec l&rsquo;arriv\u00e9e de Rafael Luis, quinzi\u00e8me recrue de l&rsquo;\u00e9t\u00e9.<\/p>\n<p>\u00c2g\u00e9 de 20 ans, le milieu d\u00e9fensif portugais est pr\u00eat\u00e9 pour une saison par le Benfica Lisbonne, avec une option d&rsquo;achat fix\u00e9e \u00e0 environ 7 millions d&rsquo;euros. Bien qu&rsquo;il n&rsquo;ait pas encore eu l&rsquo;occasion de s&rsquo;imposer en \u00e9quipe premi\u00e8re au sein du club lisbo\u00e8te, Rafael Luis s&rsquo;est illustr\u00e9 avec la r\u00e9serve du Benfica, disputant 33 rencontres, dont 30 en deuxi\u00e8me division portugaise. Une exp\u00e9rience significative pour ce jeune international U20, encore en phase de d\u00e9veloppement mais d\u00e9j\u00e0 aguerri.<\/p>\n<p>Rafael Luis, un talent \u00e0 d\u00e9velopper<\/p>\n<p>\u00c0 Strasbourg, le joueur portugais retrouvera un visage connu : Filipe Coelho, aujourd&rsquo;hui entra\u00eeneur adjoint de Liam Rosenior, l&rsquo;a accompagn\u00e9 durant ses ann\u00e9es de formation au Benfica. Ce lien pourrait s&rsquo;av\u00e9rer pr\u00e9cieux pour faciliter son adaptation au sein d&rsquo;un effectif profond\u00e9ment remani\u00e9. Ce recrutement s&rsquo;inscrit dans la nouvelle orientation strat\u00e9gique du club alsacien, sous l&rsquo;\u00e9gide du consortium BlueCo. Fid\u00e8le \u00e0 sa volont\u00e9 de b\u00e2tir autour de jeunes talents prometteurs, le Racing Club de Strasbourg poursuit ainsi sa mue en misant sur la jeunesse. Rafael Luis en est le parfait symbole.<\/p>\n","protected":false},"excerpt":{"rendered":"Juba Touabi, Media365, publi\u00e9 le lundi 18 ao\u00fbt 2025 \u00e0 21h20 Le Racing Club de Strasbourg continue d&rsquo;animer&hellip;\n","protected":false},"author":2,"featured_media":327802,"comment_status":"","ping_status":"","sticky":false,"template":"","format":"standard","meta":{"footnotes":""},"categories":[2820],"tags":[1111,11,1777,674,1011,27,775,12,25,640],"class_list":{"0":"post-327801","1":"post","2":"type-post","3":"status-publish","4":"format-standard","5":"has-post-thumbnail","7":"category-strasbourg","8":"tag-actu","9":"tag-actualites","10":"tag-eu","11":"tag-europe","12":"tag-fr","13":"tag-france","14":"tag-grand-est","15":"tag-news","16":"tag-republique-francaise","17":"tag-strasbourg"},"share_on_mastodon":{"url":"https:\/\/pubeurope.com\/@fr\/115051584889426583","error":""},"_links":{"self":[{"href":"https:\/\/www.europesays.com\/fr\/wp-json\/wp\/v2\/posts\/327801","targetHints":{"allow":["GET"]}}],"collection":[{"href":"https:\/\/www.europesays.com\/fr\/wp-json\/wp\/v2\/posts"}],"about":[{"href":"https:\/\/www.europesays.com\/fr\/wp-json\/wp\/v2\/types\/post"}],"author":[{"embeddable":true,"href":"https:\/\/www.europesays.com\/fr\/wp-json\/wp\/v2\/users\/2"}],"replies":[{"embeddable":true,"href":"https:\/\/www.europesays.com\/fr\/wp-json\/wp\/v2\/comments?post=327801"}],"version-history":[{"count":0,"href":"https:\/\/www.europesays.com\/fr\/wp-json\/wp\/v2\/posts\/327801\/revisions"}],"wp:featuredmedia":[{"embeddable":true,"href":"https:\/\/www.europesays.com\/fr\/wp-json\/wp\/v2\/media\/327802"}],"wp:attachment":[{"href":"https:\/\/www.europesays.com\/fr\/wp-json\/wp\/v2\/media?parent=327801"}],"wp:term":[{"taxonomy":"category","embeddable":true,"href":"https:\/\/www.europesays.com\/fr\/wp-json\/wp\/v2\/categories?post=327801"},{"taxonomy":"post_tag","embeddable":true,"href":"https:\/\/www.europesays.com\/fr\/wp-json\/wp\/v2\/tags?post=327801"}],"curies":[{"name":"wp","href":"https:\/\/api.w.org\/{rel}","templated":true}]}}