{"id":327805,"date":"2025-08-18T20:11:11","date_gmt":"2025-08-18T20:11:11","guid":{"rendered":"https:\/\/www.europesays.com\/fr\/327805\/"},"modified":"2025-08-18T20:11:11","modified_gmt":"2025-08-18T20:11:11","slug":"nice-officialise-la-signature-dun-avant-centre-espagnol","status":"publish","type":"post","link":"https:\/\/www.europesays.com\/fr\/327805\/","title":{"rendered":"Nice officialise la signature d&rsquo;un avant-centre espagnol"},"content":{"rendered":"<p>              <img decoding=\"async\" src=\"https:\/\/www.europesays.com\/fr\/wp-content\/uploads\/2025\/08\/nice-officialise-la-signature-d-un-avant-centre-espagnol-kevincarlossigne16-9-397451.jpg\" alt=\"Nice officialise la signature d'un avant-centre espagnol\"\/> <\/p>\n<p class=\"credit\">OGC Nice<\/p>\n<p class=\"the_post_info\">\n            Publi\u00e9 Lundi 18 Ao\u00fbt 2025 \u00e0 21:27  Dans\u00a0: <a href=\"https:\/\/www.foot01.com\/equipe\/nice\/\" rel=\"nofollow noopener\" target=\"_blank\">OGC Nice<\/a>.<br \/>Par <a href=\"https:\/\/www.foot01.com\/author\/2\/\" rel=\"nofollow noopener\" target=\"_blank\">Claude Dautel<\/a>\n          <\/p>\n<p><strong>Dans un communiqu\u00e9, l&rsquo;OGC Nice a officialis\u00e9 lundi soir la signature de Kevin Carlos, un avant-centre espagnol de 24 ans qui \u00e9voluait au FC B\u00e2le.\u00a0<\/strong><\/p>\n<p>\u00ab\u00a0Apr\u00e8s des exp\u00e9riences successives dans son Espagne natale (Huesca) puis en Suisse (Yverdon, B\u00e2le), Kevin Carlos Omoruyi Benjamin, de son nom complet, arrive \u00e0 Nice avec l\u2019ambition de franchir un nouveau cap. La saison derni\u00e8re, il s\u2019est montr\u00e9 particuli\u00e8rement efficace, avec 15 buts en 39 matchs (dont 23 titularisations), pour un total de 2 298 minutes disput\u00e9es. Un bilan int\u00e9ressant pour un attaquant dot\u00e9 d\u2019un gabarit imposant, capable de peser sur les d\u00e9fenses et de r\u00e9p\u00e9ter les efforts sans rel\u00e2che\u00a0\u00bb, indique le Gym au sujet de son nouvel attaquant.<\/p>\n<blockquote class=\"twitter-tweet\"><p>&#13;<\/p>\n<p lang=\"fr\" dir=\"ltr\">Un m\u00e9tier d&rsquo;instinct. <a href=\"https:\/\/t.co\/z9a8KzA8SZ\" rel=\"nofollow\">pic.twitter.com\/z9a8KzA8SZ<\/a><\/p>\n<p>&#13;<br \/>\n\u2014 OGC Nice (@ogcnice) <a href=\"https:\/\/twitter.com\/ogcnice\/status\/1957518022475718831?ref_src=twsrc%5Etfw\" rel=\"nofollow noopener\" target=\"_blank\">August 18, 2025<\/a><\/p><\/blockquote>\n<p>\u00a0<\/p>\n<p>      <script async src=\"https:\/\/platform.twitter.com\/widgets.js\" charset=\"utf-8\"><\/script><\/p>\n","protected":false},"excerpt":{"rendered":"OGC Nice Publi\u00e9 Lundi 18 Ao\u00fbt 2025 \u00e0 21:27 Dans\u00a0: OGC Nice.Par Claude Dautel Dans un communiqu\u00e9, l&rsquo;OGC&hellip;\n","protected":false},"author":2,"featured_media":327806,"comment_status":"","ping_status":"","sticky":false,"template":"","format":"standard","meta":{"footnotes":""},"categories":[2819],"tags":[1111,11,1777,674,1011,27,12,2401,882,25],"class_list":{"0":"post-327805","1":"post","2":"type-post","3":"status-publish","4":"format-standard","5":"has-post-thumbnail","7":"category-nice","8":"tag-actu","9":"tag-actualites","10":"tag-eu","11":"tag-europe","12":"tag-fr","13":"tag-france","14":"tag-news","15":"tag-nice","16":"tag-provence-alpes-cote-dazur","17":"tag-republique-francaise"},"share_on_mastodon":{"url":"https:\/\/pubeurope.com\/@fr\/115051592982815279","error":""},"_links":{"self":[{"href":"https:\/\/www.europesays.com\/fr\/wp-json\/wp\/v2\/posts\/327805","targetHints":{"allow":["GET"]}}],"collection":[{"href":"https:\/\/www.europesays.com\/fr\/wp-json\/wp\/v2\/posts"}],"about":[{"href":"https:\/\/www.europesays.com\/fr\/wp-json\/wp\/v2\/types\/post"}],"author":[{"embeddable":true,"href":"https:\/\/www.europesays.com\/fr\/wp-json\/wp\/v2\/users\/2"}],"replies":[{"embeddable":true,"href":"https:\/\/www.europesays.com\/fr\/wp-json\/wp\/v2\/comments?post=327805"}],"version-history":[{"count":0,"href":"https:\/\/www.europesays.com\/fr\/wp-json\/wp\/v2\/posts\/327805\/revisions"}],"wp:featuredmedia":[{"embeddable":true,"href":"https:\/\/www.europesays.com\/fr\/wp-json\/wp\/v2\/media\/327806"}],"wp:attachment":[{"href":"https:\/\/www.europesays.com\/fr\/wp-json\/wp\/v2\/media?parent=327805"}],"wp:term":[{"taxonomy":"category","embeddable":true,"href":"https:\/\/www.europesays.com\/fr\/wp-json\/wp\/v2\/categories?post=327805"},{"taxonomy":"post_tag","embeddable":true,"href":"https:\/\/www.europesays.com\/fr\/wp-json\/wp\/v2\/tags?post=327805"}],"curies":[{"name":"wp","href":"https:\/\/api.w.org\/{rel}","templated":true}]}}