{"id":327807,"date":"2025-08-18T20:13:57","date_gmt":"2025-08-18T20:13:57","guid":{"rendered":"https:\/\/www.europesays.com\/fr\/327807\/"},"modified":"2025-08-18T20:13:57","modified_gmt":"2025-08-18T20:13:57","slug":"un-pickpocket-de-16-ans-condamne-pour-avoir-vole-les-cartes-bancaires-de-touristes-belges","status":"publish","type":"post","link":"https:\/\/www.europesays.com\/fr\/327807\/","title":{"rendered":"un pickpocket de 16 ans condamn\u00e9 pour avoir vol\u00e9 les cartes bancaires de touristes belges"},"content":{"rendered":"<p>Interpell\u00e9 dans la soir\u00e9e du 14\u00a0ao\u00fbt 2025, dans le centre-ville de Nantes (<a target=\"_self\" href=\"https:\/\/www.lanouvellerepublique.fr\/loire-atlantique\" rel=\"nofollow noopener\">Loire-Atlantique<\/a>), avec plusieurs cartes bancaires, un adolescent de 16\u00a0ans a \u00e9t\u00e9 condamn\u00e9 pour recel, rapporte <a target=\"_blank\" href=\"https:\/\/www.ouest-france.fr\/societe\/faits-divers\/des-touristes-belges-signalent-le-vol-de-leurs-cartes-bancaires-a-nantes-les-policiers-se-mobilisent-5a43b4ac-79b3-11f0-a327-6ebe5461832d\" rel=\"nofollow noopener\">Presse Oc\u00e9an<\/a>.<\/p>\n<p>Arr\u00eat\u00e9 en possession de 180\u00a0\u20ac en esp\u00e8ces<\/p>\n<p>Jeudi apr\u00e8s-midi, des touristes belges ont remarqu\u00e9 l\u2019absence de leurs trois cartes bancaires. Ils ont aussi constat\u00e9 que l\u2019une des cartes avait \u00e9t\u00e9 utilis\u00e9e dans un caf\u00e9 de Nantes. Ils ont aussit\u00f4t sollicit\u00e9 l\u2019aide des hommes de la police m\u00e9tropolitaine des transports en commun, qui patrouillaient dans les rues du centre-ville, d\u00e9taille <a target=\"_blank\" href=\"https:\/\/www.ouest-france.fr\/societe\/faits-divers\/les-touristes-belges-et-la-police-retrouvent-les-cartes-bancaires-volees-par-un-pickpocket-a-nantes-afd0c1e0-79b2-11f0-a327-6ebe5461832d\" rel=\"nofollow noopener\">Ouest-France<\/a>.<\/p>\n<p>Des agents de la police nationale et des policiers municipaux se sont ensuite rendus dans l\u2019\u00e9tablissement o\u00f9 l\u2019une des cartes avait \u00e9t\u00e9 utilis\u00e9e. Cela a permis l\u2019identification du mineur, qui a \u00e9t\u00e9 interpell\u00e9 dans la rue en possession de 180\u00a0\u20ac en esp\u00e8ces. L\u2019argent a \u00e9t\u00e9 saisi. L\u2019adolescent a \u00e9cop\u00e9 d\u2019une composition p\u00e9nale et devra indemniser les victimes.<\/p>\n","protected":false},"excerpt":{"rendered":"Interpell\u00e9 dans la soir\u00e9e du 14\u00a0ao\u00fbt 2025, dans le centre-ville de Nantes (Loire-Atlantique), avec plusieurs cartes bancaires, un&hellip;\n","protected":false},"author":2,"featured_media":327808,"comment_status":"","ping_status":"","sticky":false,"template":"","format":"standard","meta":{"footnotes":""},"categories":[2818],"tags":[1111,11,1674,1777,674,274,1011,27,3047,766,12,2636,25],"class_list":{"0":"post-327807","1":"post","2":"type-post","3":"status-publish","4":"format-standard","5":"has-post-thumbnail","7":"category-nantes","8":"tag-actu","9":"tag-actualites","10":"tag-communes","11":"tag-eu","12":"tag-europe","13":"tag-faits-divers-justice","14":"tag-fr","15":"tag-france","16":"tag-loire-atlantique","17":"tag-nantes","18":"tag-news","19":"tag-pays-de-la-loire","20":"tag-republique-francaise"},"share_on_mastodon":{"url":"https:\/\/pubeurope.com\/@fr\/115051604396508294","error":""},"_links":{"self":[{"href":"https:\/\/www.europesays.com\/fr\/wp-json\/wp\/v2\/posts\/327807","targetHints":{"allow":["GET"]}}],"collection":[{"href":"https:\/\/www.europesays.com\/fr\/wp-json\/wp\/v2\/posts"}],"about":[{"href":"https:\/\/www.europesays.com\/fr\/wp-json\/wp\/v2\/types\/post"}],"author":[{"embeddable":true,"href":"https:\/\/www.europesays.com\/fr\/wp-json\/wp\/v2\/users\/2"}],"replies":[{"embeddable":true,"href":"https:\/\/www.europesays.com\/fr\/wp-json\/wp\/v2\/comments?post=327807"}],"version-history":[{"count":0,"href":"https:\/\/www.europesays.com\/fr\/wp-json\/wp\/v2\/posts\/327807\/revisions"}],"wp:featuredmedia":[{"embeddable":true,"href":"https:\/\/www.europesays.com\/fr\/wp-json\/wp\/v2\/media\/327808"}],"wp:attachment":[{"href":"https:\/\/www.europesays.com\/fr\/wp-json\/wp\/v2\/media?parent=327807"}],"wp:term":[{"taxonomy":"category","embeddable":true,"href":"https:\/\/www.europesays.com\/fr\/wp-json\/wp\/v2\/categories?post=327807"},{"taxonomy":"post_tag","embeddable":true,"href":"https:\/\/www.europesays.com\/fr\/wp-json\/wp\/v2\/tags?post=327807"}],"curies":[{"name":"wp","href":"https:\/\/api.w.org\/{rel}","templated":true}]}}