{"id":327811,"date":"2025-08-18T20:16:13","date_gmt":"2025-08-18T20:16:13","guid":{"rendered":"https:\/\/www.europesays.com\/fr\/327811\/"},"modified":"2025-08-18T20:16:13","modified_gmt":"2025-08-18T20:16:13","slug":"le-talk-bordeaux-decoit-imbroglio-etienne-beugre-matthias-jouan-us-granville","status":"publish","type":"post","link":"https:\/\/www.europesays.com\/fr\/327811\/","title":{"rendered":"Le Talk : Bordeaux d\u00e9\u00e7oit, imbroglio \u00c9tienne Beugre, Matthias Jouan US Granville"},"content":{"rendered":"<p><img decoding=\"async\" src=\"https:\/\/www.europesays.com\/fr\/wp-content\/uploads\/2025\/08\/671_e3bb9dce4302ebe86647fc4a27f80639.jpg\" alt=\"Le Talk : Bordeaux d\u00e9\u00e7oit, imbroglio \u00c9tienne Beugre, Matthias Jouan US Granville\" class=\"img-responsive mt-3\"\/><\/p>\n<p class=\"text-center mb-3\" style=\"font-size: 14px\">\u00a9 Iconsport<\/p>\n<p>Cette \u00e9mission est plac\u00e9e sous le signe du d\u00e9bat, de l&rsquo;information et de l&rsquo;analyse.<\/p>\n<p>Elle est aussi <a href=\"https:\/\/www.youtube.com\/watch?v=E6ZHAWBnueg\" target=\"_blank\" rel=\"noopener\">disponible sur YouTube<\/a> :<\/p>\n<p>Ce navigateur ne supporte pas les iframes<\/p>\n<p>Invit\u00e9 : Matthias Jouan, entra\u00eeneur de l&rsquo;US Avranches futur adversaire des Girondins de Bordeaux.<\/p>\n<p class=\"p1\">Ils sont pr\u00e9sents : Le journaliste Samuel Vaslin, le supporter et chroniqueur Djino Fort\u00e9, avec Nicolas Pietrelli \u00e0 la pr\u00e9sentation et Conan pour le chat.<\/p>\n<p>\u00c9mission r\u00e9alis\u00e9e avec le <a href=\"https:\/\/fr.tipeee.com\/webgirondins\" target=\"_blank\" rel=\"noopener\">soutien des socios<\/a>.<\/p>\n<p class=\"p1\">Le gros programme :<\/p>\n<p class=\"p1\"><img decoding=\"async\" src=\"https:\/\/www.europesays.com\/fr\/wp-content\/uploads\/2025\/08\/INFOGRAPHIES E\u0301MISSIONS (27).jpg\" alt=\"INFOGRAPHIES E\u0301MISSIONS (27).jpg (117 KB)\" style=\"width:700px;max-width:100%;\"\/><\/p>\n<p class=\"p1\">&gt;&gt; <a href=\"https:\/\/www.youtube.com\/watch?v=E6ZHAWBnueg\" target=\"_blank\" rel=\"noopener\">\u00c9mission diffus\u00e9e sur la cha\u00eene YouTube de WebGirondins <\/a><\/p>\n<p class=\"p1\">\u00a0<\/p>\n<p>\u00a0<\/p>\n","protected":false},"excerpt":{"rendered":"\u00a9 Iconsport Cette \u00e9mission est plac\u00e9e sous le signe du d\u00e9bat, de l&rsquo;information et de l&rsquo;analyse. Elle est&hellip;\n","protected":false},"author":2,"featured_media":296796,"comment_status":"","ping_status":"","sticky":false,"template":"","format":"standard","meta":{"footnotes":""},"categories":[2817],"tags":[1111,11,17295,11754,1997,44739,2834,11753,1777,674,2823,1011,27,1987,19521,46467,46412,9865,955,46411,12,3946,2219,25,46468,5237,5234,5238],"class_list":{"0":"post-327811","1":"post","2":"type-post","3":"status-publish","4":"format-standard","5":"has-post-thumbnail","7":"category-bordeaux","8":"tag-actu","9":"tag-actualites","10":"tag-avranches","11":"tag-beugre","12":"tag-bordeaux","13":"tag-decoit","14":"tag-entre","15":"tag-etienne","16":"tag-eu","17":"tag-europe","18":"tag-face","19":"tag-fr","20":"tag-france","21":"tag-girondins","22":"tag-granville","23":"tag-imbroglio","24":"tag-jouan","25":"tag-lundi","26":"tag-match","27":"tag-matthias","28":"tag-news","29":"tag-nous","30":"tag-nouvelle-aquitaine","31":"tag-republique-francaise","32":"tag-revenons","33":"tag-suivez","34":"tag-talk","35":"tag-webgirondins"},"share_on_mastodon":{"url":"https:\/\/pubeurope.com\/@fr\/115051612376601518","error":""},"_links":{"self":[{"href":"https:\/\/www.europesays.com\/fr\/wp-json\/wp\/v2\/posts\/327811","targetHints":{"allow":["GET"]}}],"collection":[{"href":"https:\/\/www.europesays.com\/fr\/wp-json\/wp\/v2\/posts"}],"about":[{"href":"https:\/\/www.europesays.com\/fr\/wp-json\/wp\/v2\/types\/post"}],"author":[{"embeddable":true,"href":"https:\/\/www.europesays.com\/fr\/wp-json\/wp\/v2\/users\/2"}],"replies":[{"embeddable":true,"href":"https:\/\/www.europesays.com\/fr\/wp-json\/wp\/v2\/comments?post=327811"}],"version-history":[{"count":0,"href":"https:\/\/www.europesays.com\/fr\/wp-json\/wp\/v2\/posts\/327811\/revisions"}],"wp:featuredmedia":[{"embeddable":true,"href":"https:\/\/www.europesays.com\/fr\/wp-json\/wp\/v2\/media\/296796"}],"wp:attachment":[{"href":"https:\/\/www.europesays.com\/fr\/wp-json\/wp\/v2\/media?parent=327811"}],"wp:term":[{"taxonomy":"category","embeddable":true,"href":"https:\/\/www.europesays.com\/fr\/wp-json\/wp\/v2\/categories?post=327811"},{"taxonomy":"post_tag","embeddable":true,"href":"https:\/\/www.europesays.com\/fr\/wp-json\/wp\/v2\/tags?post=327811"}],"curies":[{"name":"wp","href":"https:\/\/api.w.org\/{rel}","templated":true}]}}