{"id":327812,"date":"2025-08-18T20:17:10","date_gmt":"2025-08-18T20:17:10","guid":{"rendered":"https:\/\/www.europesays.com\/fr\/327812\/"},"modified":"2025-08-18T20:17:10","modified_gmt":"2025-08-18T20:17:10","slug":"pourquoi-les-rassemblements-vont-etre-interdits-dans-cette-zone-de-toulouse-ce-mardi","status":"publish","type":"post","link":"https:\/\/www.europesays.com\/fr\/327812\/","title":{"rendered":"Pourquoi les rassemblements vont \u00eatre interdits dans cette zone de Toulouse ce mardi"},"content":{"rendered":"<p>            Par<br \/>\n        <strong><br \/>\n            <a href=\"https:\/\/actu.fr\/auteur\/redaction-toulouse\" title=\"Consulter tous les articles de R\u00e9daction de Toulouse\" target=\"_blank\" rel=\"noopener\">R\u00e9daction de Toulouse<\/a><br \/>\n        <\/strong><\/p>\n<p>        Publi\u00e9 le<\/p>\n<p>            18 ao\u00fbt 2025 \u00e0 18h46        <\/p>\n<p>Ce mardi 19 ao\u00fbt, les manifestations et les rassemblements revendicatifs seront <strong>interdits<\/strong> dans le centre de <a href=\"https:\/\/actu.fr\/toulouse\/\" target=\"_blank\" rel=\"noopener\">Toulouse<\/a>. C\u2019est ce qu\u2019a annonc\u00e9 la pr\u00e9fecture de la Haute-Garonne, ce lundi. La raison de cette interdiction ?\u00a0<\/p>\n<p>Groupes revendicatifs, pancartes et slogans<\/p>\n<p class=\" wall-content\">Le 19 ao\u00fbt marque le 81\u00e8me anniversaire de la Lib\u00e9ration de Toulouse, journ\u00e9e nationale de devoir de m\u00e9moire.<\/p>\n<p class=\" wall-content\">Le hic \u2013 et ce qui inqui\u00e8te la pr\u00e9fecture \u2013 c\u2019est que lors des pr\u00e9c\u00e9dentes journ\u00e9es de comm\u00e9moration, \u00ab\u00a0des groupes revendicatifs ont tent\u00e9 de<strong> perturber le bon d\u00e9roulement des c\u00e9r\u00e9monies<\/strong> comm\u00e9moratives au moyen de drapeaux, pancartes et slogans\u00a0\u00bb. Alors cette fois-ci, c\u2019est niet.<\/p>\n<p>Quel p\u00e9rim\u00e8tre concerne l\u2019interdiction ?<\/p>\n<p class=\" wall-content\">\u00ab\u00a0Afin de pr\u00e9venir tout risque \u00e0 l\u2019ordre public\u00a0\u00bb, le pr\u00e9fet de la r\u00e9gion Occitanie Pierre-Andr\u00e9 Durand a interdit les manifestations et rassemblements revendicatifs non d\u00e9clar\u00e9s. Et ce, <strong>entre 15h30 et 19h30<\/strong>, dans le centre de Toulouse.<\/p>\n<p class=\" wall-content\">Ce p\u00e9rim\u00e8tre est d\u00e9limit\u00e9 et inclut ces rues :<\/p>\n<p>Vid\u00e9os : en ce moment sur Actu<\/p>\n<ul class=\" wall-content\">\n<li>all\u00e9es Jules Guesde,<\/li>\n<li>square Boulingrin,<\/li>\n<li>all\u00e9es Paul Sabatier,<\/li>\n<li>port Saint-Sauveur,<\/li>\n<li>boulevard Monplaisir,<\/li>\n<li>avenue Crampel,<\/li>\n<li>rue de la Tannerie,<\/li>\n<li>rue des 36 ponts.<\/li>\n<\/ul>\n<p class=\" wall-content\">Personnalisez votre actualit\u00e9 en ajoutant vos villes et m\u00e9dias en favori avec <a href=\"https:\/\/moncompte.actu.fr\" title=\"D\u00e9couvez Mon Actu\" rel=\"nofollow noopener\" data-trk=\"{&quot;cta&quot;:{&quot;action&quot;:&quot;https:\\\/\\\/moncompte.actu.fr&quot;,&quot;category&quot;:&quot;mon compte&quot;,&quot;from&quot;:&quot;article footer&quot;,&quot;name&quot;:&quot;Mon actu&quot;,&quot;type&quot;:&quot;cta&quot;}}\" target=\"_blank\">Mon Actu<\/a>.<\/p>\n","protected":false},"excerpt":{"rendered":"Par R\u00e9daction de Toulouse Publi\u00e9 le 18 ao\u00fbt 2025 \u00e0 18h46 Ce mardi 19 ao\u00fbt, les manifestations et&hellip;\n","protected":false},"author":2,"featured_media":327813,"comment_status":"","ping_status":"","sticky":false,"template":"","format":"standard","meta":{"footnotes":""},"categories":[2816],"tags":[1111,11,1777,674,1011,27,1272,12,2680,25,104,2312],"class_list":{"0":"post-327812","1":"post","2":"type-post","3":"status-publish","4":"format-standard","5":"has-post-thumbnail","7":"category-toulouse","8":"tag-actu","9":"tag-actualites","10":"tag-eu","11":"tag-europe","12":"tag-fr","13":"tag-france","14":"tag-manifestations","15":"tag-news","16":"tag-occitanie","17":"tag-republique-francaise","18":"tag-societe","19":"tag-toulouse"},"share_on_mastodon":{"url":"https:\/\/pubeurope.com\/@fr\/115051616398340596","error":""},"_links":{"self":[{"href":"https:\/\/www.europesays.com\/fr\/wp-json\/wp\/v2\/posts\/327812","targetHints":{"allow":["GET"]}}],"collection":[{"href":"https:\/\/www.europesays.com\/fr\/wp-json\/wp\/v2\/posts"}],"about":[{"href":"https:\/\/www.europesays.com\/fr\/wp-json\/wp\/v2\/types\/post"}],"author":[{"embeddable":true,"href":"https:\/\/www.europesays.com\/fr\/wp-json\/wp\/v2\/users\/2"}],"replies":[{"embeddable":true,"href":"https:\/\/www.europesays.com\/fr\/wp-json\/wp\/v2\/comments?post=327812"}],"version-history":[{"count":0,"href":"https:\/\/www.europesays.com\/fr\/wp-json\/wp\/v2\/posts\/327812\/revisions"}],"wp:featuredmedia":[{"embeddable":true,"href":"https:\/\/www.europesays.com\/fr\/wp-json\/wp\/v2\/media\/327813"}],"wp:attachment":[{"href":"https:\/\/www.europesays.com\/fr\/wp-json\/wp\/v2\/media?parent=327812"}],"wp:term":[{"taxonomy":"category","embeddable":true,"href":"https:\/\/www.europesays.com\/fr\/wp-json\/wp\/v2\/categories?post=327812"},{"taxonomy":"post_tag","embeddable":true,"href":"https:\/\/www.europesays.com\/fr\/wp-json\/wp\/v2\/tags?post=327812"}],"curies":[{"name":"wp","href":"https:\/\/api.w.org\/{rel}","templated":true}]}}