{"id":327816,"date":"2025-08-18T20:19:33","date_gmt":"2025-08-18T20:19:33","guid":{"rendered":"https:\/\/www.europesays.com\/fr\/327816\/"},"modified":"2025-08-18T20:19:33","modified_gmt":"2025-08-18T20:19:33","slug":"a-marcq-en-baroeul-le-pont-des-arts-rouvre-apres-travaux","status":"publish","type":"post","link":"https:\/\/www.europesays.com\/fr\/327816\/","title":{"rendered":"\u00c0 Marcq-en-Bar\u0153ul, le Pont des Arts rouvre apr\u00e8s travaux"},"content":{"rendered":"<p>            Par<br \/>\n        <strong><br \/>\n            <a href=\"https:\/\/actu.fr\/auteur\/annesophie-2\" title=\"Consulter tous les articles de Anne-Sophie Hourdeaux\" rel=\"nofollow noopener\" target=\"_blank\">Anne-Sophie Hourdeaux<\/a><br \/>\n        <\/strong><\/p>\n<p>        Publi\u00e9 le<\/p>\n<p>            17 ao\u00fbt 2025 \u00e0 9h26        <\/p>\n<p><b>\u00c0 Marcq-en-Bar\u0153ul (Nord), le Cin\u00e9ma Le Pont des Arts s\u2019est refait une beaut\u00e9<\/b> cet \u00e9t\u00e9. <b>Il rouvre <\/b>enfin ses portes <b>mercredi 20\u00a0ao\u00fbt 2025<\/b>, avec des surprises\u2009!<\/p>\n<p>    <img   decoding=\"async\" loading=\"lazy\" class=\"size-large\" src=\"https:\/\/www.europesays.com\/fr\/wp-content\/uploads\/2025\/08\/39c1f5fb3cd364dc1f5fb3cd311d1fv-960x640.jpg\" alt=\"Le Pont des Arts, le nouveau cin\u00e9ma de Marcq-en-Baroeul, a ouvert ses portes Le Pont des arts compte 3 salles de 210, 120 et 80 places. - cin\u00e9 marcq\" width=\"960\" height=\"640\"\/><br \/>\n    Le Pont des Arts rouvre mercredi 20\u00a0ao\u00fbt 2025 apr\u00e8s des travaux. \u00a9Anne-Sophie Hourdeaux\/CDN<\/p>\n<p class=\" wall-content\">Apr\u00e8s plusieurs semaines de travaux, le cin\u00e9ma de Marcq-en-Bar\u0153ul, construit en 2021. Il a \u00e9t\u00e9 ferm\u00e9 cet \u00e9t\u00e9 pour travaux du 23\u00a0juillet 2025 inclus au 19\u00a0ao\u00fbt 2025, c\u2019est son sol qui a \u00e9t\u00e9 refait \u00e0 neuf.<\/p>\n<p class=\" wall-content\">Il rouvre mercredi 20\u00a0ao\u00fbt. Un programme sp\u00e9cial attend les cin\u00e9philes pour les semaines qui arrivent\u2009: s\u00e9ances sp\u00e9ciales, \u00ab\u2009Little Film Festival\u2009\u00bb pour les tout-petits, d\u00e9couvertes\u2026<\/p>\n<p>Une avant-premi\u00e8re\u2009: Timioche<\/p>\n<p class=\" wall-content\">Mercredi 20\u00a0ao\u00fbt sortent sur grand \u00e9cran plusieurs films familiaux\u2009: Superman, Les 4 Fantastiques, Les Schtroumpfs, Bad Guys 2\u2026 Sans oublier une avant-premi\u00e8re au Pont des Arts\u2009: Timioche mercredi 20\u00a0ao\u00fbt \u00e0 10\u2009h\u200930, avant une s\u00e9ance dimanche 24\u00a0ao\u00fbt \u00e0 11\u2009h. La s\u00e9ance dure 41\u00a0minutes, id\u00e9al avec des tout-petits\u2009! C\u2019est l\u2019histoire de Timioche, un poisson qui aime raconter des carabistouilles, jusqu\u2019au jour o\u00f9 une m\u00e9saventure lui arrive vraiment.<\/p>\n<p class=\" wall-content\">Autre s\u00e9ance dans le cadre du Little Films Festival\u2009: d\u00e8s 4\u00a0ans, Chouette un jeu d\u2019enfant\u2009! sera programm\u00e9 dimanche 31\u00a0ao\u00fbt \u00e0 11\u2009h.<\/p>\n<p>    <a href=\"https:\/\/www.facebook.com\/plugins\/post.php?href=https%3A%2F%2Fwww.facebook.com%2Flibrairielaforge%2Fposts%2Fpfbid02cGMaL24pGLMiLbZpCcyjcfrTUbF1DxYaaGxyMr9UwNNWbDzmawD6WriaF97ik2t4l&amp;show_text=true&amp;width=350\" title=\"Ouvrie le lien\" rel=\"nofollow noopener\" target=\"_blank\">Cliquez ici pour visualiser le contenu<\/a><\/p>\n<p>Votre r\u00e9gion, votre actu !<\/p>\n<p>Recevez chaque jour les infos qui comptent pour vous.<\/p>\n<p>\t<a href=\"https:\/\/actu.fr\/newsletter\" class=\"ac-btn ac-btn--corner ac-btn--medium ac-btn--blue800\" rel=\"nofollow noopener\" target=\"_blank\">S&rsquo;incrire<\/a><br \/>\nLes Dents de la mer aussi<\/p>\n<p class=\" wall-content\">Vendredi 22\u00a0ao\u00fbt, retrouvez les Dents de la Mer \u00e0 20\u2009h\u200940 pour les 50\u00a0ans du film\u2009! La s\u00e9ance sera en version originale sous titr\u00e9e.<\/p>\n<p>    <img   decoding=\"async\" loading=\"lazy\" class=\"size-large\" src=\"https:\/\/www.europesays.com\/fr\/wp-content\/uploads\/2025\/08\/e125549381a86d525549381a8ca255v-960x640.jpg\" alt=\"Le film Les Dents de la mer a 50 ans en 2025 !\" width=\"960\" height=\"640\"\/><br \/>\n    Le film Les Dents de la mer a 50\u00a0ans en 2025\u2009! \u00a9DR<\/p>\n<p class=\" wall-content\">Pour la version fran\u00e7aise, c\u2019est mardi 26\u00a0ao\u00fbt \u00e0 18\u2009h, gagnez des places\u00a0avec la librairie La Forge de Marcq, 5 boulevard du g\u00e9n\u00e9ral de Gaulle. Un questionnaire avec 5 questions vous attend sur place (accessible \u00e0 tous) et les 2 gagnants seront tir\u00e9s au sort le 20\u00a0ao\u00fbt. La librairie est ferm\u00e9e jusqu\u2019au 17\u00a0ao\u00fbt, elle rouvre le 18\u00a0ao\u00fbt.<\/p>\n<p>Infos et r\u00e9servations\u2009: <a href=\"https:\/\/www.lepontdesarts-cinema.fr\/\" rel=\"nofollow noopener\" target=\"_blank\">lepontdesarts-cinema.fr\/<\/a><\/p>\n<p class=\" wall-content\">Personnalisez votre actualit\u00e9 en ajoutant vos villes et m\u00e9dias en favori avec <a href=\"https:\/\/moncompte.actu.fr\" title=\"D\u00e9couvez Mon Actu\" rel=\"nofollow noopener\" data-trk=\"{&quot;cta&quot;:{&quot;action&quot;:&quot;https:\\\/\\\/moncompte.actu.fr&quot;,&quot;category&quot;:&quot;mon compte&quot;,&quot;from&quot;:&quot;article footer&quot;,&quot;name&quot;:&quot;Mon actu&quot;,&quot;type&quot;:&quot;cta&quot;}}\" target=\"_blank\">Mon Actu<\/a>.<\/p>\n","protected":false},"excerpt":{"rendered":"Par Anne-Sophie Hourdeaux Publi\u00e9 le 17 ao\u00fbt 2025 \u00e0 9h26 \u00c0 Marcq-en-Bar\u0153ul (Nord), le Cin\u00e9ma Le Pont des&hellip;\n","protected":false},"author":2,"featured_media":327817,"comment_status":"","ping_status":"","sticky":false,"template":"","format":"standard","meta":{"footnotes":""},"categories":[2815],"tags":[1111,11,1777,674,1011,27,811,1307,1652,12,25],"class_list":{"0":"post-327816","1":"post","2":"type-post","3":"status-publish","4":"format-standard","5":"has-post-thumbnail","7":"category-lille","8":"tag-actu","9":"tag-actualites","10":"tag-eu","11":"tag-europe","12":"tag-fr","13":"tag-france","14":"tag-hauts-de-france","15":"tag-lille","16":"tag-loisirs-culture","17":"tag-news","18":"tag-republique-francaise"},"share_on_mastodon":{"url":"https:\/\/pubeurope.com\/@fr\/115051624187818288","error":""},"_links":{"self":[{"href":"https:\/\/www.europesays.com\/fr\/wp-json\/wp\/v2\/posts\/327816","targetHints":{"allow":["GET"]}}],"collection":[{"href":"https:\/\/www.europesays.com\/fr\/wp-json\/wp\/v2\/posts"}],"about":[{"href":"https:\/\/www.europesays.com\/fr\/wp-json\/wp\/v2\/types\/post"}],"author":[{"embeddable":true,"href":"https:\/\/www.europesays.com\/fr\/wp-json\/wp\/v2\/users\/2"}],"replies":[{"embeddable":true,"href":"https:\/\/www.europesays.com\/fr\/wp-json\/wp\/v2\/comments?post=327816"}],"version-history":[{"count":0,"href":"https:\/\/www.europesays.com\/fr\/wp-json\/wp\/v2\/posts\/327816\/revisions"}],"wp:featuredmedia":[{"embeddable":true,"href":"https:\/\/www.europesays.com\/fr\/wp-json\/wp\/v2\/media\/327817"}],"wp:attachment":[{"href":"https:\/\/www.europesays.com\/fr\/wp-json\/wp\/v2\/media?parent=327816"}],"wp:term":[{"taxonomy":"category","embeddable":true,"href":"https:\/\/www.europesays.com\/fr\/wp-json\/wp\/v2\/categories?post=327816"},{"taxonomy":"post_tag","embeddable":true,"href":"https:\/\/www.europesays.com\/fr\/wp-json\/wp\/v2\/tags?post=327816"}],"curies":[{"name":"wp","href":"https:\/\/api.w.org\/{rel}","templated":true}]}}