{"id":327818,"date":"2025-08-18T20:20:28","date_gmt":"2025-08-18T20:20:28","guid":{"rendered":"https:\/\/www.europesays.com\/fr\/327818\/"},"modified":"2025-08-18T20:20:28","modified_gmt":"2025-08-18T20:20:28","slug":"le-celtic-glasgow-ladore-genesio-lattend-a-lille","status":"publish","type":"post","link":"https:\/\/www.europesays.com\/fr\/327818\/","title":{"rendered":"le Celtic Glasgow l&rsquo;adore, Genesio l&rsquo;attend \u00e0 Lille !"},"content":{"rendered":"<p>\t\t\t\t\t Annonc\u00e9 depuis de longues semaines dans le viseur du Celtic Glasgow sur ce mercato estival, ce jeune talent pourrait finalement prendre la direction de Ligue 1 et plus pr\u00e9cis\u00e9ment de Lille, o\u00f9 son profil aurait \u00e9t\u00e9 valid\u00e9 par Bruno Genesio et Olivier L\u00e9tang au LOSC. <\/p>\n<p>Sans surprise, le LOSC chercherait un nouveau point de chute en pr\u00eat pour Vincent Burlet et se serait mis en qu\u00eate d&rsquo;une doublure pour Romain Perraud pour le poste de lat\u00e9ral gauche (d\u00e9parts de Ismaily, Gabriel Gudmundsson et Mitchel Bakker cet \u00e9t\u00e9 chez les Dogues). <\/p>\n<p>D&rsquo;apr\u00e8s les informations de nos confr\u00e8res de Footmercato, le LOSC aurait jet\u00e9 son d\u00e9volu sur Keita Kosugi en cette fin de mercato. Cibl\u00e9 par le Celtic Glasgow, qui a souvent attir\u00e9 des jeunes talents japonais depuis plusieurs saisons en Ecosse, le lat\u00e9ral gauche de 19 ans r\u00e9alise une tr\u00e8s belle saison avec Djurgardens IF, avec qui il avait notamment atteint les demi-finales de Ligue Europa Conference lors du dernier exercice (\u00e9limination face \u00e0 Chelsea). <\/p>\n<p>Un renfort souhait\u00e9 par Bruno Genesio \u00e0 Lille pour venir seconder Romain Perraud. Tr\u00e8s prometteur, le lat\u00e9ral japonais est d\u00e9j\u00e0 consid\u00e9r\u00e9 comme une r\u00e9f\u00e9rence \u00e0 son poste dans le championnat de Su\u00e8de \u00e0 seulement 19 ans. Affaire \u00e0 suivre donc sur ce mercato entre le LOSC et Djurgardens IF pour Keita Kosugi, un tr\u00e8s bel espoir du football au Japon.\n\t\t\t\t <\/p>\n","protected":false},"excerpt":{"rendered":"Annonc\u00e9 depuis de longues semaines dans le viseur du Celtic Glasgow sur ce mercato estival, ce jeune talent&hellip;\n","protected":false},"author":2,"featured_media":327819,"comment_status":"","ping_status":"","sticky":false,"template":"","format":"standard","meta":{"footnotes":""},"categories":[2815],"tags":[1111,11,1777,674,1011,27,811,1307,12,25],"class_list":{"0":"post-327818","1":"post","2":"type-post","3":"status-publish","4":"format-standard","5":"has-post-thumbnail","7":"category-lille","8":"tag-actu","9":"tag-actualites","10":"tag-eu","11":"tag-europe","12":"tag-fr","13":"tag-france","14":"tag-hauts-de-france","15":"tag-lille","16":"tag-news","17":"tag-republique-francaise"},"share_on_mastodon":{"url":"https:\/\/pubeurope.com\/@fr\/115051628403942413","error":""},"_links":{"self":[{"href":"https:\/\/www.europesays.com\/fr\/wp-json\/wp\/v2\/posts\/327818","targetHints":{"allow":["GET"]}}],"collection":[{"href":"https:\/\/www.europesays.com\/fr\/wp-json\/wp\/v2\/posts"}],"about":[{"href":"https:\/\/www.europesays.com\/fr\/wp-json\/wp\/v2\/types\/post"}],"author":[{"embeddable":true,"href":"https:\/\/www.europesays.com\/fr\/wp-json\/wp\/v2\/users\/2"}],"replies":[{"embeddable":true,"href":"https:\/\/www.europesays.com\/fr\/wp-json\/wp\/v2\/comments?post=327818"}],"version-history":[{"count":0,"href":"https:\/\/www.europesays.com\/fr\/wp-json\/wp\/v2\/posts\/327818\/revisions"}],"wp:featuredmedia":[{"embeddable":true,"href":"https:\/\/www.europesays.com\/fr\/wp-json\/wp\/v2\/media\/327819"}],"wp:attachment":[{"href":"https:\/\/www.europesays.com\/fr\/wp-json\/wp\/v2\/media?parent=327818"}],"wp:term":[{"taxonomy":"category","embeddable":true,"href":"https:\/\/www.europesays.com\/fr\/wp-json\/wp\/v2\/categories?post=327818"},{"taxonomy":"post_tag","embeddable":true,"href":"https:\/\/www.europesays.com\/fr\/wp-json\/wp\/v2\/tags?post=327818"}],"curies":[{"name":"wp","href":"https:\/\/api.w.org\/{rel}","templated":true}]}}