{"id":327820,"date":"2025-08-18T20:21:14","date_gmt":"2025-08-18T20:21:14","guid":{"rendered":"https:\/\/www.europesays.com\/fr\/327820\/"},"modified":"2025-08-18T20:21:14","modified_gmt":"2025-08-18T20:21:14","slug":"le-ciq-de-lestaque-gare-deplore-labsence-de-consultation","status":"publish","type":"post","link":"https:\/\/www.europesays.com\/fr\/327820\/","title":{"rendered":"le CIQ de l&rsquo;Estaque Gare d\u00e9plore l&rsquo;absence de consultation"},"content":{"rendered":"<p>C&rsquo;est un pr\u00e9sident de CIQ au bord du craquage qui a adress\u00e9 il y a quelques jours un courriel \u00e0 tous les adh\u00e9rents du CIQ ainsi qu&rsquo;\u00e0 la maire des 15e et 16e arrondissements, Nadia Boulainseur (DVG), \u00e0 la maire-adjointe Samia Ghali (DVG) et \u00e0 l&rsquo;adjoint au maire en charge de l&rsquo;urbanisme Eric Mery (PM). \u00c0 la t\u00eate du <a href=\"https:\/\/www.laprovence.com\/article\/region\/1831114499603915\/joutes-provencales-ame-populaire-lestaque-un-village-qui-resiste-au-nord-de-marseille\" target=\"_blank\" rel=\"noopener\">CIQ de l&rsquo;Estaque Gare, Patrick Robert<\/a> a fait savoir sa col\u00e8re alors qu&rsquo;une convention d&rsquo;occupation du bassin municipal de r\u00e9tention situ\u00e9 au nord de la gare vient d&rsquo;\u00eatre sign\u00e9e par la Ville avec <a href=\"https:\/\/www.laprovence.com\/article\/region\/13013702844094\/c-est-toute-une-vie-qui-a-disparu-des-dizaines-de-marseillais-ont-vu-leur-maison-detruite-par-l-incendie\" target=\"_blank\" rel=\"noopener\">les sinistr\u00e9s de la barre de Ch\u00e2teau-Bovis<\/a>, dont les logements ont \u00e9t\u00e9 d\u00e9truits par l&rsquo;incendie du 8 juillet. <a href=\"https:\/\/www.laprovence.com\/article\/region\/2258459482240214\/apres-l-incendie-du-8-juillet-les-sinistres-de-chateau-bovis-installent-de-premiers-bungalows\" target=\"_blank\" rel=\"noopener\">Une quinzaine de bungalows commencent \u00e0 y \u00eatre install\u00e9s<\/a> pour reloger les familles impact\u00e9es.<\/p>\n<p>\u00ab\u00a0Le CIQ d\u00e9plore ne pas avoir \u00e9t\u00e9 consult\u00e9, a minima inform\u00e9, concernant l&rsquo;attribution de ce terrain\u00a0\u00bb, \u00e9crit le pr\u00e9sident, s&rsquo;interrogeant sur l&rsquo;avenir du quartier. \u00ab\u00a0Bien souvent, les CIQ sont mis devant le fait accompli, c&rsquo;est consternant et d\u00e9courageant\u00a0\u00bb, ajoute-t-il dans la missive, questionnant sur l&rsquo;acc\u00e8s \u00e0 cette convention d&rsquo;occupation que pourra avoir le CIQ.\u00a0<\/p>\n","protected":false},"excerpt":{"rendered":"C&rsquo;est un pr\u00e9sident de CIQ au bord du craquage qui a adress\u00e9 il y a quelques jours un&hellip;\n","protected":false},"author":2,"featured_media":327821,"comment_status":"","ping_status":"","sticky":false,"template":"","format":"standard","meta":{"footnotes":""},"categories":[2814],"tags":[17,1111,11,39874,39872,46469,46470,1777,674,1011,27,7533,33187,10853,884,12,882,16,25],"class_list":{"0":"post-327820","1":"post","2":"type-post","3":"status-publish","4":"format-standard","5":"has-post-thumbnail","7":"category-marseille","8":"tag-17","9":"tag-actu","10":"tag-actualites","11":"tag-bungalows","12":"tag-chateau-bovis","13":"tag-ciq","14":"tag-deplore","15":"tag-eu","16":"tag-europe","17":"tag-fr","18":"tag-france","19":"tag-gare","20":"tag-labsence","21":"tag-lestaque","22":"tag-marseille","23":"tag-news","24":"tag-provence-alpes-cote-dazur","25":"tag-region","26":"tag-republique-francaise"},"share_on_mastodon":{"url":"https:\/\/pubeurope.com\/@fr\/115051632019209272","error":""},"_links":{"self":[{"href":"https:\/\/www.europesays.com\/fr\/wp-json\/wp\/v2\/posts\/327820","targetHints":{"allow":["GET"]}}],"collection":[{"href":"https:\/\/www.europesays.com\/fr\/wp-json\/wp\/v2\/posts"}],"about":[{"href":"https:\/\/www.europesays.com\/fr\/wp-json\/wp\/v2\/types\/post"}],"author":[{"embeddable":true,"href":"https:\/\/www.europesays.com\/fr\/wp-json\/wp\/v2\/users\/2"}],"replies":[{"embeddable":true,"href":"https:\/\/www.europesays.com\/fr\/wp-json\/wp\/v2\/comments?post=327820"}],"version-history":[{"count":0,"href":"https:\/\/www.europesays.com\/fr\/wp-json\/wp\/v2\/posts\/327820\/revisions"}],"wp:featuredmedia":[{"embeddable":true,"href":"https:\/\/www.europesays.com\/fr\/wp-json\/wp\/v2\/media\/327821"}],"wp:attachment":[{"href":"https:\/\/www.europesays.com\/fr\/wp-json\/wp\/v2\/media?parent=327820"}],"wp:term":[{"taxonomy":"category","embeddable":true,"href":"https:\/\/www.europesays.com\/fr\/wp-json\/wp\/v2\/categories?post=327820"},{"taxonomy":"post_tag","embeddable":true,"href":"https:\/\/www.europesays.com\/fr\/wp-json\/wp\/v2\/tags?post=327820"}],"curies":[{"name":"wp","href":"https:\/\/api.w.org\/{rel}","templated":true}]}}