{"id":327822,"date":"2025-08-18T20:22:12","date_gmt":"2025-08-18T20:22:12","guid":{"rendered":"https:\/\/www.europesays.com\/fr\/327822\/"},"modified":"2025-08-18T20:22:12","modified_gmt":"2025-08-18T20:22:12","slug":"des-sinistres-de-lincendie-de-marseille-reloges-dans-des-bungalows","status":"publish","type":"post","link":"https:\/\/www.europesays.com\/fr\/327822\/","title":{"rendered":"des sinistr\u00e9s de l&rsquo;incendie de Marseille relog\u00e9s dans des bungalows"},"content":{"rendered":"<p>            lire plus tard<\/p>\n<p id=\"dialog__title\" class=\"dialog__title\">Pour sauvegarder cet article, connectez-vous ou cr\u00e9ez un compte franceinfo<\/p>\n<p class=\"dialog__description\">Sans paiement. Sans abonnement.<\/p>\n<p>        Fermer la fen\u00eatre d\u2019activation des notifications France Info<\/p>\n<p>            cr\u00e9er votre compte<\/p>\n<p>            se connecter<\/p>\n<p>        Fermer la fen\u00eatre de pr\u00e9sentation<\/p>\n<p>    Publi\u00e9 le 18\/08\/2025 22:05<\/p>\n<p>      Mis \u00e0 jour le 18\/08\/2025 22:05<\/p>\n<p>        Temps de lecture : 2min &#8211; vid\u00e9o : 2min<\/p>\n<p>    <img decoding=\"async\" class=\"francetv-player-wrapper__image\" alt=\"&quot;De quoi se laver, dormir tranquille, c'est tout&quot; : des sinistr\u00e9s de l'incendie de Marseille relog\u00e9s dans des bungalows\"  width=\"432\" height=\"243\" src=\"https:\/\/www.europesays.com\/fr\/wp-content\/uploads\/2025\/08\/marseille-bungalows-20h-1808-68a387111e865796101553.jpg\" fetchpriority=\"high\"\/><\/p>\n<p>              \u00ab\u00a0De quoi se laver, dormir tranquille, c&rsquo;est tout\u00a0\u00bb : des sinistr\u00e9s de l&rsquo;incendie de Marseille relog\u00e9s dans des bungalows<br \/>\n                    (France 2)<\/p>\n<p>      2min<\/p>\n<p>\n  L&rsquo;incendie qui a frapp\u00e9 Marseille (Bouches-du-Rh\u00f4ne) cet \u00e9t\u00e9 reste l&rsquo;un des pires de la d\u00e9cennie. Une quarantaine de sinistr\u00e9s du quartier de l&rsquo;Estaque, touch\u00e9 par les flammes, vont \u00eatre relog\u00e9s dans des mobile homes construits sur un terrain municipal gr\u00e2ce \u00e0 des cagnottes mises en place par les habitants.\n<\/p>\n<p><strong>Ce texte correspond \u00e0 une partie de la retranscription du reportage ci-dessus. Cliquez sur la vid\u00e9o pour la regarder en int\u00e9gralit\u00e9.<\/strong><\/p>\n<p>Dans ce quartier du nord de Marseille (Bouches-du-Rh\u00f4ne), ravag\u00e9 par <a href=\"https:\/\/france3-regions.franceinfo.fr\/provence-alpes-cote-d-azur\/bouches-du-rhone\/marseille\/on-utilise-le-bois-mort-apres-les-gros-incendies-comment-les-arbres-brules-aident-la-nature-a-repartir-et-evitent-l-erosion-3202137.html\" rel=\"nofollow noopener\" target=\"_blank\">l&rsquo;incendie du 8 juillet<\/a>, ils arrivent les uns apr\u00e8s les autres : des mobile homes comme maison provisoire pour les sinistr\u00e9s. La maison d&rsquo;un p\u00e8re de famille a br\u00fbl\u00e9 ; il dormait jusqu&rsquo;alors dans sa voiture, ses enfants r\u00e9sidant chez des proches. \u00ab\u00a0Je pourrai dormir avec mes enfants, \u00e7a fait deux mois que je ne dors pas avec eux\u00a0\u00bb, se r\u00e9jouit-il d&rsquo;avance.<\/p>\n<p>\u00c0 quelques m\u00e8tres de leur logement devenu inhabitable, les mobile homes sont arriv\u00e9s, ils seront une quinzaine d&rsquo;ici quelques jours sur ce terrain mis \u00e0 disposition par la mairie. Des associations locales ont aussi lev\u00e9 des fonds pour aider les habitants \u00e0 financer ces bungalows. Pour le sien, Joachim Lacroix a d\u00e9bours\u00e9 5 800 euros de sa poche : \u00ab\u00a0De quoi se laver, dormir tranquille, c&rsquo;est tout\u00a0\u00bb, r\u00e9sume-t-il, satisfait de cette solution temporaire. Avec enfin un toit sur la t\u00eate, il ressent \u00e0 nouveau du courage : \u00ab\u00a0Au d\u00e9but, \u00e7a n&rsquo;allait pas du tout. C&rsquo;est normal. Maintenant, \u00e7a va\u00a0\u00bb, confie le Marseillais.<\/p>\n<p>Car il y a un mois et demi, les habitants se sont retrouv\u00e9s d\u00e9munis face \u00e0 la puissance des flammes. 750 hectares ont \u00e9t\u00e9 ravag\u00e9s au nord de Marseille, et plus de 70 logements sont partis en fum\u00e9e. C&rsquo;est le cas de celui d&rsquo;Armand Russo, dans le quartier de l&rsquo;Estaque (Marseille), \u00e0 quelques m\u00e8tres de son mobile home. Le premier \u00e9tage porte encore les traces de l&rsquo;incendie, d\u00e9vast\u00e9. Pourtant, apr\u00e8s 20 nuits \u00e0 l&rsquo;h\u00f4tel, pay\u00e9es par son assurance, il n&rsquo;a pas trouv\u00e9 d&rsquo;autre solution que de revenir vivre ici, malgr\u00e9 un arr\u00eat\u00e9 de mise en p\u00e9ril.<\/p>\n<p>\u00ab\u00a0Je mange le soir ici tout seul, je prends ma douche \u00e0 l&rsquo;eau froide, il n&rsquo;y a pas d&rsquo;\u00e9lectricit\u00e9. Et je dois \u00eatre branch\u00e9 pour l&rsquo;apn\u00e9e du sommeil. Je ne me branche pas. J&rsquo;ai du mal \u00e0 dormir, mais je dors quand m\u00eame\u00a0\u00bb, confie-t-il.<\/p>\n<p>Il esp\u00e8re lui aussi trouver bient\u00f4t un bungalow pour un semblant de retour \u00e0 la normale, dans un quartier que tr\u00e8s peu de personnes ont r\u00e9solu \u00e0 quitter.<\/p>\n","protected":false},"excerpt":{"rendered":"lire plus tard Pour sauvegarder cet article, connectez-vous ou cr\u00e9ez un compte franceinfo Sans paiement. Sans abonnement. Fermer&hellip;\n","protected":false},"author":2,"featured_media":327823,"comment_status":"","ping_status":"","sticky":false,"template":"","format":"standard","meta":{"footnotes":""},"categories":[2814],"tags":[1111,11,1777,674,1011,27,884,12,882,25],"class_list":{"0":"post-327822","1":"post","2":"type-post","3":"status-publish","4":"format-standard","5":"has-post-thumbnail","7":"category-marseille","8":"tag-actu","9":"tag-actualites","10":"tag-eu","11":"tag-europe","12":"tag-fr","13":"tag-france","14":"tag-marseille","15":"tag-news","16":"tag-provence-alpes-cote-dazur","17":"tag-republique-francaise"},"share_on_mastodon":{"url":"https:\/\/pubeurope.com\/@fr\/115051635948913325","error":""},"_links":{"self":[{"href":"https:\/\/www.europesays.com\/fr\/wp-json\/wp\/v2\/posts\/327822","targetHints":{"allow":["GET"]}}],"collection":[{"href":"https:\/\/www.europesays.com\/fr\/wp-json\/wp\/v2\/posts"}],"about":[{"href":"https:\/\/www.europesays.com\/fr\/wp-json\/wp\/v2\/types\/post"}],"author":[{"embeddable":true,"href":"https:\/\/www.europesays.com\/fr\/wp-json\/wp\/v2\/users\/2"}],"replies":[{"embeddable":true,"href":"https:\/\/www.europesays.com\/fr\/wp-json\/wp\/v2\/comments?post=327822"}],"version-history":[{"count":0,"href":"https:\/\/www.europesays.com\/fr\/wp-json\/wp\/v2\/posts\/327822\/revisions"}],"wp:featuredmedia":[{"embeddable":true,"href":"https:\/\/www.europesays.com\/fr\/wp-json\/wp\/v2\/media\/327823"}],"wp:attachment":[{"href":"https:\/\/www.europesays.com\/fr\/wp-json\/wp\/v2\/media?parent=327822"}],"wp:term":[{"taxonomy":"category","embeddable":true,"href":"https:\/\/www.europesays.com\/fr\/wp-json\/wp\/v2\/categories?post=327822"},{"taxonomy":"post_tag","embeddable":true,"href":"https:\/\/www.europesays.com\/fr\/wp-json\/wp\/v2\/tags?post=327822"}],"curies":[{"name":"wp","href":"https:\/\/api.w.org\/{rel}","templated":true}]}}