{"id":327828,"date":"2025-08-18T20:25:24","date_gmt":"2025-08-18T20:25:24","guid":{"rendered":"https:\/\/www.europesays.com\/fr\/327828\/"},"modified":"2025-08-18T20:25:24","modified_gmt":"2025-08-18T20:25:24","slug":"des-territoires-franciliens-circulaires-et-en-transition-ecologique","status":"publish","type":"post","link":"https:\/\/www.europesays.com\/fr\/327828\/","title":{"rendered":"Des territoires franciliens circulaires\u2026 et en transition \u00e9cologique"},"content":{"rendered":"<p>\t\t\t\t\t\t\t<img loading=\"lazy\" decoding=\"async\" width=\"377\" height=\"250\" src=\"data:image\/gif;base64,R0lGODdhAQABAPAAAP\/\/\/wAAACwAAAAAAQABAEACAkQBADs=\" data-original=\"https:\/\/www.lagazettedescommunes.com\/wp-content\/uploads\/2025\/02\/adobestock-261096633-377x250.jpg\" alt=\"D\u00e9chets r\u00e9employ\u00e9s\" itemprop=\"url\"  \/>\t\t\t\t\t\t\t<\/p>\n<p class=\"creditPhoto\" itemprop=\"copyrightHolder\">DR<\/p>\n<p class=\"chapo\">Exp\u00e9rimenter une strat\u00e9gie d\u2019\u00e9conomie circulaire et l\u2019\u00e9tendre \u00e0 la transition \u00e9cologique, tel est le d\u00e9fi relev\u00e9 par dix collectivit\u00e9s formant la \u00ab\u202fcommunaut\u00e9 des territoires franciliens circulaires\u202f\u00bb.<\/p>\n<p class=\"blocAlerteTag__title\">Ma Gazette<\/p>\n<p class=\"blocAlerteTag__description\">S\u00e9lectionnez vos th\u00e8mes et cr\u00e9ez votre newsletter personnalis\u00e9e<\/p>\n<p>\u00a0<\/p>\n<p>Qu\u2019elles soient donneurs d\u2019ordre, ma\u00eetres d\u2019ouvrage ou animatrices du territoire, les collectivit\u00e9s locales ont un r\u00f4le incontournable dans la transition \u00e9cologique. Elles ont aussi la capacit\u00e9 d\u2019int\u00e9grer les principes de l\u2019\u00e9conomie circulaire et de les faire converger vers les enjeux de transition \u00e9cologique. La r\u00e9gion \u00cele-de-France s\u2019inscrit dans cette d\u00e9marche. Apr\u00e8s avoir adopt\u00e9 en 2019, son plan de pr\u00e9vention et de gestion des d\u00e9chets, \u00ab\u202fen 2020, la\u00a0r\u00e9gion a souhait\u00e9 \u00e9laborer une strat\u00e9gie r\u00e9gionale d\u2019\u00e9conomie circulaire pour aller plus loin, mobilisant l\u2019ensemble des &#8230;<\/p>\n<p class=\"blocCut__title\">\n\t\t\t\t\t[90% reste \u00e0 lire]\n\t\t\t<\/p>\n<p class=\"blocCut__title--type2\">Article r\u00e9serv\u00e9 aux abonn\u00e9s<\/p>\n<p class=\"blocCut__title--type3\">Club Techni.Cit\u00e9s<\/p>\n<p class=\"blocCut__title--type2\">VOUS N&rsquo;\u00eaTES PAS ABONN\u00e9 ?<\/p>\n<p class=\"blocCut__title--type4\">Testez notre Offre D\u00e9couverte Club Techni.Cit\u00e9s pendant 15 jours<\/p>\n<p>\t\t\t\t\t\t\t<a href=\"https:\/\/www.abonnement.infopro-digital.com\/club-technique\/inscription\/237\/1832#xtor=CS5-347-[site_paywall]-[https:\/\/www.lagazettedescommunes.com\/964233\/des-territoires-franciliens-circulaires-et-en-transition-ecologique\/]-[page_article]-[a]\" target=\"_blank\" class=\"btn__full buttonTypeA buttonTypeA--1\" rel=\"noopener\">J\u2019en profite<\/a><\/p>\n","protected":false},"excerpt":{"rendered":"DR Exp\u00e9rimenter une strat\u00e9gie d\u2019\u00e9conomie circulaire et l\u2019\u00e9tendre \u00e0 la transition \u00e9cologique, tel est le d\u00e9fi relev\u00e9 par&hellip;\n","protected":false},"author":2,"featured_media":327829,"comment_status":"","ping_status":"","sticky":false,"template":"","format":"standard","meta":{"footnotes":""},"categories":[1592],"tags":[20853,1111,9247,9245,11,9244,12393,1777,674,1011,27,46472,46471,662,9249,9248,12,626,25,9253,9246],"class_list":{"0":"post-327828","1":"post","2":"type-post","3":"status-publish","4":"format-standard","5":"has-post-thumbnail","7":"category-ile-de-france","8":"tag-a-la-une-technique","9":"tag-actu","10":"tag-actu-experts-technique","11":"tag-actu-technique","12":"tag-actualites","13":"tag-club-technicites","14":"tag-economie-circulaire","15":"tag-eu","16":"tag-europe","17":"tag-fr","18":"tag-france","19":"tag-gdelacour","20":"tag-gestion-dechets","21":"tag-ile-de-france","22":"tag-ingenierie-technique","23":"tag-maitrise-ouvrage-technique","24":"tag-news","25":"tag-paris","26":"tag-republique-francaise","27":"tag-technicites","28":"tag-toute-lactu-technique"},"share_on_mastodon":{"url":"https:\/\/pubeurope.com\/@fr\/115051647705597028","error":""},"_links":{"self":[{"href":"https:\/\/www.europesays.com\/fr\/wp-json\/wp\/v2\/posts\/327828","targetHints":{"allow":["GET"]}}],"collection":[{"href":"https:\/\/www.europesays.com\/fr\/wp-json\/wp\/v2\/posts"}],"about":[{"href":"https:\/\/www.europesays.com\/fr\/wp-json\/wp\/v2\/types\/post"}],"author":[{"embeddable":true,"href":"https:\/\/www.europesays.com\/fr\/wp-json\/wp\/v2\/users\/2"}],"replies":[{"embeddable":true,"href":"https:\/\/www.europesays.com\/fr\/wp-json\/wp\/v2\/comments?post=327828"}],"version-history":[{"count":0,"href":"https:\/\/www.europesays.com\/fr\/wp-json\/wp\/v2\/posts\/327828\/revisions"}],"wp:featuredmedia":[{"embeddable":true,"href":"https:\/\/www.europesays.com\/fr\/wp-json\/wp\/v2\/media\/327829"}],"wp:attachment":[{"href":"https:\/\/www.europesays.com\/fr\/wp-json\/wp\/v2\/media?parent=327828"}],"wp:term":[{"taxonomy":"category","embeddable":true,"href":"https:\/\/www.europesays.com\/fr\/wp-json\/wp\/v2\/categories?post=327828"},{"taxonomy":"post_tag","embeddable":true,"href":"https:\/\/www.europesays.com\/fr\/wp-json\/wp\/v2\/tags?post=327828"}],"curies":[{"name":"wp","href":"https:\/\/api.w.org\/{rel}","templated":true}]}}