{"id":327830,"date":"2025-08-18T20:26:11","date_gmt":"2025-08-18T20:26:11","guid":{"rendered":"https:\/\/www.europesays.com\/fr\/327830\/"},"modified":"2025-08-18T20:26:11","modified_gmt":"2025-08-18T20:26:11","slug":"hauts-de-seine-un-homme-mis-en-examen-soupconne-davoir-poignarde-a-mort-une-prostituee-a-colombes","status":"publish","type":"post","link":"https:\/\/www.europesays.com\/fr\/327830\/","title":{"rendered":"Hauts-de-Seine\u00a0: un homme mis en examen, soup\u00e7onn\u00e9 d&rsquo;avoir poignard\u00e9 \u00e0 mort une prostitu\u00e9e \u00e0 Colombes"},"content":{"rendered":"<p>Dans cette affaire, deux autres hommes, dont un mineur de 17 ans, ont \u00e9t\u00e9 mis en examen pour tentative de meurtre et prox\u00e9n\u00e9tisme aggrav\u00e9, a aussi indiqu\u00e9 le parquet de Nanterre.<\/p>\n<p>Un homme a \u00e9t\u00e9 mis en examen pour meurtre et tentative de meurtre, apr\u00e8s le d\u00e9c\u00e8s d&rsquo;une prostitu\u00e9e, <strong>poignard\u00e9e dans un Airbnb \u00e0 Colombes<\/strong>, dans les Hauts-de-Seine, dans la nuit du vendredi 15 au samedi 16 ao\u00fbt, a indiqu\u00e9 le parquet de Nanterre lundi 188 ao\u00fbt. La victime a \u00e9t\u00e9 poignard\u00e9e lors d&rsquo;une altercation avec un client.<\/p>\n<p>Selon le parquet, une premi\u00e8re prostitu\u00e9e exer\u00e7ait dans un Airbnb sur la commune de Colombes. Inqui\u00e8te apr\u00e8s le passage d&rsquo;un client, elle appelle en renfort un homme charg\u00e9 de sa s\u00e9curit\u00e9. Une amie, \u00e9galement prostitu\u00e9e, vient \u00e9galement la rejoindre, avec son propre service de s\u00e9curit\u00e9. <strong>Lorsqu&rsquo;un client arrive, une altercation survient<\/strong> entre lui, les deux hommes charg\u00e9s de la s\u00e9curit\u00e9 et l&rsquo;amie venue en renfort. Au cours de cette dispute, \u00ab\u00a0des armes blanches \u00e9taient sorties et des coups \u00e9chang\u00e9s. Les trois hommes \u00e9taient bless\u00e9s\u00a0; la seconde prostitu\u00e9e, mortellement touch\u00e9e par le client, d\u00e9c\u00e9dait malgr\u00e9 l\u2019intervention des secours\u00a0\u00bb, \u00e9crit le parquet.<\/p>\n<p>Les deux hommes charg\u00e9s de la s\u00e9curit\u00e9 plac\u00e9s en d\u00e9tention provisoire<\/p>\n<p>Dimanche 17 ao\u00fbt, \u00e0 l&rsquo;issue de leur garde \u00e0 vue, les trois hommes ont \u00e9t\u00e9 mis en examen. Le client a \u00e9t\u00e9 \u00ab\u00a0mis en examen pour meurtre (de la prostitu\u00e9e) et tentative de meurtre (sur les deux hommes charg\u00e9s de la s\u00e9curit\u00e9). Les deux hommes charg\u00e9s de la s\u00e9curit\u00e9, dont un mineur de 17 ans, \u00e9taient mis en examen pour tentative de meurtre (sur le client) et prox\u00e9n\u00e9tisme aggrav\u00e9\u00a0\u00bb.<\/p>\n<p>Les deux hommes charg\u00e9s de la s\u00e9curit\u00e9 ont \u00e9t\u00e9 plac\u00e9s en d\u00e9tention provisoire. \u00ab\u00a0Le client sollicitait aupr\u00e8s du juge des libert\u00e9s et de la d\u00e9tention un d\u00e9bat contradictoire diff\u00e9r\u00e9 qui se d\u00e9roulera en d\u00e9but de semaine\u00a0\u00bb, pr\u00e9cise le parquet.<\/p>\n","protected":false},"excerpt":{"rendered":"Dans cette affaire, deux autres hommes, dont un mineur de 17 ans, ont \u00e9t\u00e9 mis en examen pour&hellip;\n","protected":false},"author":2,"featured_media":327831,"comment_status":"","ping_status":"","sticky":false,"template":"","format":"standard","meta":{"footnotes":""},"categories":[1592],"tags":[1111,11,1777,674,1011,27,662,12,626,25],"class_list":{"0":"post-327830","1":"post","2":"type-post","3":"status-publish","4":"format-standard","5":"has-post-thumbnail","7":"category-ile-de-france","8":"tag-actu","9":"tag-actualites","10":"tag-eu","11":"tag-europe","12":"tag-fr","13":"tag-france","14":"tag-ile-de-france","15":"tag-news","16":"tag-paris","17":"tag-republique-francaise"},"share_on_mastodon":{"url":"https:\/\/pubeurope.com\/@fr\/115051651812078419","error":""},"_links":{"self":[{"href":"https:\/\/www.europesays.com\/fr\/wp-json\/wp\/v2\/posts\/327830","targetHints":{"allow":["GET"]}}],"collection":[{"href":"https:\/\/www.europesays.com\/fr\/wp-json\/wp\/v2\/posts"}],"about":[{"href":"https:\/\/www.europesays.com\/fr\/wp-json\/wp\/v2\/types\/post"}],"author":[{"embeddable":true,"href":"https:\/\/www.europesays.com\/fr\/wp-json\/wp\/v2\/users\/2"}],"replies":[{"embeddable":true,"href":"https:\/\/www.europesays.com\/fr\/wp-json\/wp\/v2\/comments?post=327830"}],"version-history":[{"count":0,"href":"https:\/\/www.europesays.com\/fr\/wp-json\/wp\/v2\/posts\/327830\/revisions"}],"wp:featuredmedia":[{"embeddable":true,"href":"https:\/\/www.europesays.com\/fr\/wp-json\/wp\/v2\/media\/327831"}],"wp:attachment":[{"href":"https:\/\/www.europesays.com\/fr\/wp-json\/wp\/v2\/media?parent=327830"}],"wp:term":[{"taxonomy":"category","embeddable":true,"href":"https:\/\/www.europesays.com\/fr\/wp-json\/wp\/v2\/categories?post=327830"},{"taxonomy":"post_tag","embeddable":true,"href":"https:\/\/www.europesays.com\/fr\/wp-json\/wp\/v2\/tags?post=327830"}],"curies":[{"name":"wp","href":"https:\/\/api.w.org\/{rel}","templated":true}]}}