{"id":327838,"date":"2025-08-18T20:30:11","date_gmt":"2025-08-18T20:30:11","guid":{"rendered":"https:\/\/www.europesays.com\/fr\/327838\/"},"modified":"2025-08-18T20:30:11","modified_gmt":"2025-08-18T20:30:11","slug":"des-supporters-du-paris-fc-autorises-a-se-deplacer-au-velodrome","status":"publish","type":"post","link":"https:\/\/www.europesays.com\/fr\/327838\/","title":{"rendered":"des supporters du Paris FC autoris\u00e9s \u00e0 se d\u00e9placer au V\u00e9lodrome"},"content":{"rendered":"<p>Des supporters du Paris FC pourront assister samedi au match contre l&rsquo;OM au V\u00e9lodrome dans le cadre d&rsquo;un d\u00e9placement \u00ab\u00a0tr\u00e8s encadr\u00e9\u00a0\u00bb, a fait savoir lundi \u00e0 l&rsquo;AFP la pr\u00e9fecture de police des Bouches-du-Rh\u00f4ne.<\/p>\n<p><a href=\"https:\/\/www.laprovence.com\/article\/om\/85814442118682\/en-l1-il-ny-a-pas-le-temps-avant-daffronter-lom-avec-le-paris-fc-lopez-tire-la-sonnette-dalarme\" target=\"_blank\" rel=\"noopener\">La r\u00e9ception du Paris FC<\/a> \u00e0 l&rsquo;occasion de la deuxi\u00e8me journ\u00e9e de Ligue 1, samedi \u00e0 17h, sera le premier match \u00e0 domicile de l&rsquo;OM cette saison. Selon la pr\u00e9fecture de police, une r\u00e9union s&rsquo;est tenu lundi matin pour \u00e9voquer les questions de s\u00e9curit\u00e9 autour de ce match et il a \u00e9t\u00e9 d\u00e9cid\u00e9 de ne pas interdire le d\u00e9placement des supporters du PFC.\u00a0<\/p>\n<p>Le dispositif de s\u00e9curit\u00e9 pr\u00e9cis n&rsquo;est pas encore connu mais la pr\u00e9fecture a pr\u00e9cis\u00e9 que les supporters parisiens seraient \u00ab\u00a0tr\u00e8s encadr\u00e9s\u00a0\u00bb.<\/p>\n<p>Remont\u00e9 cette saison en L1, le Paris FC n&rsquo;avait plus jou\u00e9 en premi\u00e8re division depuis la saison 1978-1979 et il n&rsquo;y a pas de rivalit\u00e9 historique entre le club et l&rsquo;OM. Le PFC et l&rsquo;OM se sont affront\u00e9s pour la derni\u00e8re fois lors de la saison 1981-82, en deuxi\u00e8me division.<\/p>\n<p>En revanche, les relations entre fans olympiens et ceux du Paris SG sont conflictuelles et les matchs entre les deux \u00e9quipes ont r\u00e9guli\u00e8rement donn\u00e9 lieu dans le pass\u00e9 \u00e0 des incidents entre supporters.\u00a0Depuis 2015, les d\u00e9placements de supporters du PSG au V\u00e9lodrome sont syst\u00e9matiquement interdits par les autorit\u00e9s.<\/p>\n","protected":false},"excerpt":{"rendered":"Des supporters du Paris FC pourront assister samedi au match contre l&rsquo;OM au V\u00e9lodrome dans le cadre d&rsquo;un&hellip;\n","protected":false},"author":2,"featured_media":327839,"comment_status":"","ping_status":"","sticky":false,"template":"","format":"standard","meta":{"footnotes":""},"categories":[1888],"tags":[17,11,46473,42838,154,1777,674,1011,27,12,149,626,25,10221,957],"class_list":{"0":"post-327838","1":"post","2":"type-post","3":"status-publish","4":"format-standard","5":"has-post-thumbnail","7":"category-paris","8":"tag-17","9":"tag-actualites","10":"tag-autorises","11":"tag-deplacer","12":"tag-des","13":"tag-eu","14":"tag-europe","15":"tag-fr","16":"tag-france","17":"tag-news","18":"tag-om","19":"tag-paris","20":"tag-republique-francaise","21":"tag-supporters","22":"tag-velodrome"},"share_on_mastodon":{"url":"https:\/\/pubeurope.com\/@fr\/115051667351718435","error":""},"_links":{"self":[{"href":"https:\/\/www.europesays.com\/fr\/wp-json\/wp\/v2\/posts\/327838","targetHints":{"allow":["GET"]}}],"collection":[{"href":"https:\/\/www.europesays.com\/fr\/wp-json\/wp\/v2\/posts"}],"about":[{"href":"https:\/\/www.europesays.com\/fr\/wp-json\/wp\/v2\/types\/post"}],"author":[{"embeddable":true,"href":"https:\/\/www.europesays.com\/fr\/wp-json\/wp\/v2\/users\/2"}],"replies":[{"embeddable":true,"href":"https:\/\/www.europesays.com\/fr\/wp-json\/wp\/v2\/comments?post=327838"}],"version-history":[{"count":0,"href":"https:\/\/www.europesays.com\/fr\/wp-json\/wp\/v2\/posts\/327838\/revisions"}],"wp:featuredmedia":[{"embeddable":true,"href":"https:\/\/www.europesays.com\/fr\/wp-json\/wp\/v2\/media\/327839"}],"wp:attachment":[{"href":"https:\/\/www.europesays.com\/fr\/wp-json\/wp\/v2\/media?parent=327838"}],"wp:term":[{"taxonomy":"category","embeddable":true,"href":"https:\/\/www.europesays.com\/fr\/wp-json\/wp\/v2\/categories?post=327838"},{"taxonomy":"post_tag","embeddable":true,"href":"https:\/\/www.europesays.com\/fr\/wp-json\/wp\/v2\/tags?post=327838"}],"curies":[{"name":"wp","href":"https:\/\/api.w.org\/{rel}","templated":true}]}}