{"id":327840,"date":"2025-08-18T20:31:11","date_gmt":"2025-08-18T20:31:11","guid":{"rendered":"https:\/\/www.europesays.com\/fr\/327840\/"},"modified":"2025-08-18T20:31:11","modified_gmt":"2025-08-18T20:31:11","slug":"trump-aux-dirigeants-europeens-la-russie-acceptera-des-garanties-de-securite-nous-discuterons-deventuels-echanges-territoriaux","status":"publish","type":"post","link":"https:\/\/www.europesays.com\/fr\/327840\/","title":{"rendered":"Trump aux dirigeants europ\u00e9ens : la Russie acceptera des garanties de s\u00e9curit\u00e9, nous discuterons d&rsquo;\u00e9ventuels \u00e9changes territoriaux"},"content":{"rendered":"<p>                                                Trump aux dirigeants europ\u00e9ens : la Russie acceptera des garanties de s\u00e9curit\u00e9, nous discuterons d&rsquo;\u00e9ventuels \u00e9changes territoriaux                    <\/p>\n<p>                        <img decoding=\"async\" src=\"https:\/\/www.europesays.com\/fr\/wp-content\/uploads\/2025\/08\/f85d3ae3-d064-48d6-878f-97eb829d15df-600x360.jpg\" alt=\"\"\/><\/p>\n<p>                        nouvelles<\/p>\n<p>                            <img decoding=\"async\" src=\"https:\/\/www.europesays.com\/fr\/wp-content\/uploads\/2025\/08\/1754177174_227_LogoExpress-96x96.png\" alt=\"\"\/><\/p>\n<p>                        Gazeta Express<br \/>\n                        18\/08\/2025 22:11<\/p>\n<p>Le pr\u00e9sident am\u00e9ricain Donald Trump a partag\u00e9 avec les dirigeants europ\u00e9ens des d\u00e9tails sur les discussions qu&rsquo;il a eues avec son homologue russe Vladimir Poutine en Alaska.<\/p>\n<p>Trump a affirm\u00e9 que la Russie accepterait des garanties de s\u00e9curit\u00e9 pour l&rsquo;Ukraine, mais ajoute que \u00ab d&rsquo;\u00e9ventuels \u00e9changes territoriaux \u00bb seront discut\u00e9s.<\/p>\n<p>Trump affirme qu&rsquo;apr\u00e8s son sommet avec Poutine, il estime que la paix est \u00ab r\u00e9alisable \u00bb.<\/p>\n<p>Dans une \u00ab \u00e9tape importante \u00bb, Poutine a accept\u00e9 que la Russie accepte des garanties de s\u00e9curit\u00e9 pour l&rsquo;Ukraine, a-t-il d\u00e9clar\u00e9.<\/p>\n<p>Il a ajout\u00e9 que les dirigeants lors de cette r\u00e9union examineront \u00ab qui fera quoi, essentiellement \u00bb en ce qui concerne la s\u00e9curit\u00e9 future de l&rsquo;Ukraine.<\/p>\n<p>Trump affirme qu&rsquo;il est optimiste quant \u00e0 la capacit\u00e9 du groupe \u00e0 parvenir \u00e0 un accord qui dissuadera toute future agression contre l&rsquo;Ukraine, ajoutant :<\/p>\n<p>En fait, je ne pense pas qu&rsquo;il y en aura. Je pense m\u00eame que c&rsquo;est largement exag\u00e9r\u00e9.<\/p>\n<p>\u00ab Je pense que les pays europ\u00e9ens assumeront une grande partie du fardeau \u00bb, dit-il, r\u00e9it\u00e9rant que les \u00c9tats-Unis seront impliqu\u00e9s. \u00ab Nous les aiderons. \u00bb<\/p>\n<p>La r\u00e9union permettra \u00e9galement de discuter \u00ab d&rsquo;\u00e9ventuels \u00e9changes territoriaux \u00bb, ajoute-t-il.<\/p>\n","protected":false},"excerpt":{"rendered":"Trump aux dirigeants europ\u00e9ens : la Russie acceptera des garanties de s\u00e9curit\u00e9, nous discuterons d&rsquo;\u00e9ventuels \u00e9changes territoriaux nouvelles&hellip;\n","protected":false},"author":2,"featured_media":327841,"comment_status":"","ping_status":"","sticky":false,"template":"","format":"standard","meta":{"footnotes":""},"categories":[1591],"tags":[11,1887,12,1885,1886,132],"class_list":{"0":"post-327840","1":"post","2":"type-post","3":"status-publish","4":"format-standard","5":"has-post-thumbnail","7":"category-russie","8":"tag-actualites","9":"tag-federation-de-russie","10":"tag-news","11":"tag-russia","12":"tag-russian-federation","13":"tag-russie"},"share_on_mastodon":{"url":"https:\/\/pubeurope.com\/@fr\/115051671386577870","error":""},"_links":{"self":[{"href":"https:\/\/www.europesays.com\/fr\/wp-json\/wp\/v2\/posts\/327840","targetHints":{"allow":["GET"]}}],"collection":[{"href":"https:\/\/www.europesays.com\/fr\/wp-json\/wp\/v2\/posts"}],"about":[{"href":"https:\/\/www.europesays.com\/fr\/wp-json\/wp\/v2\/types\/post"}],"author":[{"embeddable":true,"href":"https:\/\/www.europesays.com\/fr\/wp-json\/wp\/v2\/users\/2"}],"replies":[{"embeddable":true,"href":"https:\/\/www.europesays.com\/fr\/wp-json\/wp\/v2\/comments?post=327840"}],"version-history":[{"count":0,"href":"https:\/\/www.europesays.com\/fr\/wp-json\/wp\/v2\/posts\/327840\/revisions"}],"wp:featuredmedia":[{"embeddable":true,"href":"https:\/\/www.europesays.com\/fr\/wp-json\/wp\/v2\/media\/327841"}],"wp:attachment":[{"href":"https:\/\/www.europesays.com\/fr\/wp-json\/wp\/v2\/media?parent=327840"}],"wp:term":[{"taxonomy":"category","embeddable":true,"href":"https:\/\/www.europesays.com\/fr\/wp-json\/wp\/v2\/categories?post=327840"},{"taxonomy":"post_tag","embeddable":true,"href":"https:\/\/www.europesays.com\/fr\/wp-json\/wp\/v2\/tags?post=327840"}],"curies":[{"name":"wp","href":"https:\/\/api.w.org\/{rel}","templated":true}]}}