{"id":327842,"date":"2025-08-18T20:32:11","date_gmt":"2025-08-18T20:32:11","guid":{"rendered":"https:\/\/www.europesays.com\/fr\/327842\/"},"modified":"2025-08-18T20:32:11","modified_gmt":"2025-08-18T20:32:11","slug":"ukraine-macron-veut-une-reunion-quadrilaterale-avec-poutine-trump-zelensky-et-les-europeens","status":"publish","type":"post","link":"https:\/\/www.europesays.com\/fr\/327842\/","title":{"rendered":"Ukraine : Macron veut une \u00ab\u00a0r\u00e9union quadrilat\u00e9rale\u00a0\u00bb avec Poutine, Trump, Zelensky et les Europ\u00e9ens"},"content":{"rendered":"<ul class=\"jsx-862013697 ArticleChapo__List\">\n<li class=\"jsx-862013697 ArticleChapo__List_Item flex\">Huit dirigeants europ\u00e9ens, dont Volodymyr Zelensky, se sont rencontr\u00e9s ce lundi 18 ao\u00fbt \u00e0 la Maison Blanche.<\/li>\n<li class=\"jsx-862013697 ArticleChapo__List_Item flex\">Emmanuel Macron a insist\u00e9 sur la n\u00e9cessit\u00e9 d&rsquo;inclure l&rsquo;Europe dans des pourparlers pour la paix en Ukraine.<\/li>\n<\/ul>\n<p data-module=\"article-paragraph\" class=\"jsx-3046738180 Paragraph Paragraph__End\">L&rsquo;Europe va-t-elle jouer un r\u00f4le dans le processus de paix en Ukraine ? Tandis que Donald Trump a appel\u00e9 de ses v\u0153ux \u00e0 une rencontre \u00e0 trois entre Volodymyr Zelensky, Vladimir Poutine et lui-m\u00eame, Emmanuel Macron a soulign\u00e9 l&rsquo;importance d&rsquo;une pr\u00e9sence europ\u00e9enne dans les discussions \u00e0 venir.<\/p>\n<p>\u00ab\u00a0La s\u00e9curit\u00e9 de tout le continent europ\u00e9en\u00a0\u00bb<\/p>\n<p data-module=\"article-paragraph\" class=\"jsx-3046738180 Paragraph\">Pendant les premiers instants de la r\u00e9union entre les sept dirigeants europ\u00e9ens, venus soutenir le pr\u00e9sident ukrainien, et Donald Trump, chacun a pu partager son point de vue devant les cam\u00e9ras sur une r\u00e9solution du conflit qui se joue en ce moment. Si Emmanuel Macron a soutenu le principe de la <a href=\"https:\/\/www.tf1info.fr\/international\/video-donald-trump-si-nous-n-avons-pas-de-reunion-trilaterale-avec-m-poutine-les-combats-continueront-2389403.html\" target=\"_blank\" rel=\"noopener\">rencontre trilat\u00e9rale<\/a>, prochaine \u00e9tape n\u00e9cessaire pour\u00a0s&rsquo;entendre sur la fin de la guerre, il a aussi mentionn\u00e9 le r\u00f4le de l&rsquo;Europe.\u00a0<\/p>\n<p data-module=\"article-paragraph\" class=\"jsx-3046738180 Paragraph Paragraph__End\">\u00ab\u00a0L&rsquo;id\u00e9e d&rsquo;une r\u00e9union trilat\u00e9rale est tr\u00e8s importante parce que c&rsquo;est le seul moyen de r\u00e9gler (le probl\u00e8me, ndlr). Je pense que dans la foul\u00e9e, nous aurons besoin d&rsquo;une r\u00e9union quadrilat\u00e9rale, parce que lorsqu&rsquo;on parle de garanties de s\u00e9curit\u00e9 (pour l&rsquo;Ukraine), nous parlons de la s\u00e9curit\u00e9 de tout le continent europ\u00e9en\u00a0\u00bb, a lanc\u00e9 le pr\u00e9sident fran\u00e7ais, assis \u00e0 la droite de Donald Trump.\u00a0<\/p>\n<p><a href=\"https:\/\/www.tf1info.fr\/international\/en-image-la-photo-de-famille-historique-des-dirigeants-europeens-recus-par-trump-a-la-maison-blanche-2389412.html\" rel=\"noopener\" class=\"jsx-3308031228 Link flex\" target=\"_blank\"><img decoding=\"async\" src=\"https:\/\/www.europesays.com\/fr\/wp-content\/uploads\/2025\/08\/donald-trump-et-les-europeens-a-la-maison-blanche-7c4177-0@1x.jpeg\" alt=\"Donald Trump et les Europ\u00e9ens \u00e0 la Maison Blanche \" loading=\"lazy\" importance=\"low\" fetchpriority=\"low\" class=\"\" aria-hidden=\"true\"\/><\/p>\n<p class=\"jsx-3657663356 ReadMoreArticle__Title\">Lire aussi<\/p>\n<p class=\"jsx-3657663356\">EN IMAGE &#8211; La photo de famille historique des dirigeants europ\u00e9ens re\u00e7us par Trump \u00e0 la Maison Blanche <\/p>\n<p><\/a><\/p>\n<p data-module=\"article-paragraph\" class=\"jsx-3046738180 Paragraph Paragraph__End\">Ce dernier n&rsquo;est pas le seul autour de la table \u00e0 avoir soulign\u00e9 l&rsquo;importance de l&rsquo;Europe dans l&rsquo;avenir de l&rsquo;Ukraine. \u00ab\u00a0Nous parlons de s\u00e9curit\u00e9, pas seulement de celle de l&rsquo;Ukraine, nous parlons \u00e9galement de la s\u00e9curit\u00e9 de l&rsquo;Europe et du Royaume-Uni, c&rsquo;est pourquoi c&rsquo;est une question si importante\u00a0\u00bb, a rappel\u00e9 Keir Starmer, Premier ministre britannique. De son c\u00f4t\u00e9, le dirigeant am\u00e9ricain s&rsquo;est dit confiant de l&rsquo;organisation prochaine d&rsquo;une rencontre trilat\u00e9rale, d&rsquo;ici \u00e0 \u00ab\u00a0une ou deux semaines\u00a0\u00bb selon lui.<\/p>\n<p>C.Q <\/p>\n","protected":false},"excerpt":{"rendered":"Huit dirigeants europ\u00e9ens, dont Volodymyr Zelensky, se sont rencontr\u00e9s ce lundi 18 ao\u00fbt \u00e0 la Maison Blanche. Emmanuel&hellip;\n","protected":false},"author":2,"featured_media":327843,"comment_status":"","ping_status":"","sticky":false,"template":"","format":"standard","meta":{"footnotes":""},"categories":[1590],"tags":[1111,11,1921,75,1073,1777,674,28083,1922,12,136,220,1917,364,133,1920,135,134,46474],"class_list":{"0":"post-327842","1":"post","2":"type-post","3":"status-publish","4":"format-standard","5":"has-post-thumbnail","7":"category-ukraine","8":"tag-actu","9":"tag-actualites","10":"tag-article-video","11":"tag-donald-trump","12":"tag-emmanuel-macron","13":"tag-eu","14":"tag-europe","15":"tag-guerre-en-ukraine-une-treve-sera-t-elle-possible","16":"tag-info","17":"tag-news","18":"tag-otan","19":"tag-ukraine","20":"tag-ukraine-4-annee-de-guerre","21":"tag-union-europeenne","22":"tag-video","23":"tag-video-international","24":"tag-vladimir-poutine","25":"tag-volodymyr-zelensky","26":"tag-zelensky-et-les-europeens-aux-etats-unis-journee-cruciale-pour-lukraine"},"share_on_mastodon":{"url":"https:\/\/pubeurope.com\/@fr\/115051675286614329","error":""},"_links":{"self":[{"href":"https:\/\/www.europesays.com\/fr\/wp-json\/wp\/v2\/posts\/327842","targetHints":{"allow":["GET"]}}],"collection":[{"href":"https:\/\/www.europesays.com\/fr\/wp-json\/wp\/v2\/posts"}],"about":[{"href":"https:\/\/www.europesays.com\/fr\/wp-json\/wp\/v2\/types\/post"}],"author":[{"embeddable":true,"href":"https:\/\/www.europesays.com\/fr\/wp-json\/wp\/v2\/users\/2"}],"replies":[{"embeddable":true,"href":"https:\/\/www.europesays.com\/fr\/wp-json\/wp\/v2\/comments?post=327842"}],"version-history":[{"count":0,"href":"https:\/\/www.europesays.com\/fr\/wp-json\/wp\/v2\/posts\/327842\/revisions"}],"wp:featuredmedia":[{"embeddable":true,"href":"https:\/\/www.europesays.com\/fr\/wp-json\/wp\/v2\/media\/327843"}],"wp:attachment":[{"href":"https:\/\/www.europesays.com\/fr\/wp-json\/wp\/v2\/media?parent=327842"}],"wp:term":[{"taxonomy":"category","embeddable":true,"href":"https:\/\/www.europesays.com\/fr\/wp-json\/wp\/v2\/categories?post=327842"},{"taxonomy":"post_tag","embeddable":true,"href":"https:\/\/www.europesays.com\/fr\/wp-json\/wp\/v2\/tags?post=327842"}],"curies":[{"name":"wp","href":"https:\/\/api.w.org\/{rel}","templated":true}]}}