{"id":327844,"date":"2025-08-18T20:33:09","date_gmt":"2025-08-18T20:33:09","guid":{"rendered":"https:\/\/www.europesays.com\/fr\/327844\/"},"modified":"2025-08-18T20:33:09","modified_gmt":"2025-08-18T20:33:09","slug":"les-etats-unis-ont-recycle-46-mt-de-papier-en-2024","status":"publish","type":"post","link":"https:\/\/www.europesays.com\/fr\/327844\/","title":{"rendered":"Les \u00c9tats-Unis ont recycl\u00e9 46 Mt de papier en 2024"},"content":{"rendered":"<p>\t\t\t\t\t\t\t\t\t\t&#13;<br \/>\nSelon l\u2019American Forest &amp; Paper Association (AF&amp;PA), environ 46 millions de tonnes de papier ont \u00e9t\u00e9 recycl\u00e9es aux \u00c9tats-Unis en 2024, soit l\u2019\u00e9quivalent de 125 000 tonnes par jour.&#13;<\/p>\n<p>Le taux de recyclage du papier s\u2019est situ\u00e9 entre 60 % et 64 %, tandis que celui du carton ondul\u00e9 a atteint de 69 % \u00e0 74 %.<\/p>\n<p>&#13;<\/p>\n<p>Les volumes de recyclage ont consid\u00e9rablement augment\u00e9 au cours des 35 derni\u00e8res ann\u00e9es : l\u2019industrie recycle aujourd\u2019hui pr\u00e8s de 60 % de papier de plus qu\u2019\u00e0 la fin des ann\u00e9es 1980. En 2024, environ 80 % des usines am\u00e9ricaines de p\u00e2te et papier ont utilis\u00e9 du papier recycl\u00e9 dans leurs proc\u00e9d\u00e9s, en hausse de 1,3 million de tonnes par rapport \u00e0 2023. L\u2019utilisation de carton a \u00e9galement progress\u00e9, avec 1,2 million de tonnes suppl\u00e9mentaires consomm\u00e9es.<\/p>\n<p>&#13;<\/p>\n<p>Pr\u00e8s de la moiti\u00e9 du papier recycl\u00e9, soit 20,8 millions de tonnes, a \u00e9t\u00e9 transform\u00e9e en carton-caisson pour la fabrication de bo\u00eetes en carton. Environ 27 % ont \u00e9t\u00e9 export\u00e9s vers des usines \u00e0 l\u2019\u00e9tranger, le reste servant \u00e0 produire, aux \u00c9tats-Unis, des emballages, du papier tissu et des papiers d\u2019impression.<\/p>\n<p>&#13;<\/p>\n<p>Le recyclage commence dans les bureaux, les \u00e9coles, les commerces et les foyers, avant que les mat\u00e9riaux ne soient collect\u00e9s et r\u00e9utilis\u00e9s. Selon l\u2019AF&amp;PA, la progression continue du recyclage soutient \u00e0 la fois la fabrication int\u00e9rieure et le commerce international des produits papetiers.<\/p>\n<p>&#13;<\/p>\n<p><a href=\"https:\/\/www.afandpa.org\/\" target=\"_blank\" rel=\"noopener nofollow\"><strong>L\u2019American Forest &amp; Paper Association<\/strong><\/a> repr\u00e9sente les fabricants am\u00e9ricains de p\u00e2te, papier, papier tissu et emballages \u00e0 base de fibres, et d\u00e9fend la comp\u00e9titivit\u00e9 \u00e9conomique, le commerce et la gestion durable des for\u00eats.<\/p>\n","protected":false},"excerpt":{"rendered":"&#13; Selon l\u2019American Forest &amp; Paper Association (AF&amp;PA), environ 46 millions de tonnes de papier ont \u00e9t\u00e9 recycl\u00e9es&hellip;\n","protected":false},"author":2,"featured_media":327845,"comment_status":"","ping_status":"","sticky":false,"template":"","format":"standard","meta":{"footnotes":""},"categories":[1589],"tags":[11,73,1866,12,1864,1865,1863,308],"class_list":{"0":"post-327844","1":"post","2":"type-post","3":"status-publish","4":"format-standard","5":"has-post-thumbnail","7":"category-etats-unis","8":"tag-actualites","9":"tag-etats-unis","10":"tag-etats-unis-damerique","11":"tag-news","12":"tag-united-states","13":"tag-united-states-of-america","14":"tag-us","15":"tag-usa"},"share_on_mastodon":{"url":"https:\/\/pubeurope.com\/@fr\/115051679227134209","error":""},"_links":{"self":[{"href":"https:\/\/www.europesays.com\/fr\/wp-json\/wp\/v2\/posts\/327844","targetHints":{"allow":["GET"]}}],"collection":[{"href":"https:\/\/www.europesays.com\/fr\/wp-json\/wp\/v2\/posts"}],"about":[{"href":"https:\/\/www.europesays.com\/fr\/wp-json\/wp\/v2\/types\/post"}],"author":[{"embeddable":true,"href":"https:\/\/www.europesays.com\/fr\/wp-json\/wp\/v2\/users\/2"}],"replies":[{"embeddable":true,"href":"https:\/\/www.europesays.com\/fr\/wp-json\/wp\/v2\/comments?post=327844"}],"version-history":[{"count":0,"href":"https:\/\/www.europesays.com\/fr\/wp-json\/wp\/v2\/posts\/327844\/revisions"}],"wp:featuredmedia":[{"embeddable":true,"href":"https:\/\/www.europesays.com\/fr\/wp-json\/wp\/v2\/media\/327845"}],"wp:attachment":[{"href":"https:\/\/www.europesays.com\/fr\/wp-json\/wp\/v2\/media?parent=327844"}],"wp:term":[{"taxonomy":"category","embeddable":true,"href":"https:\/\/www.europesays.com\/fr\/wp-json\/wp\/v2\/categories?post=327844"},{"taxonomy":"post_tag","embeddable":true,"href":"https:\/\/www.europesays.com\/fr\/wp-json\/wp\/v2\/tags?post=327844"}],"curies":[{"name":"wp","href":"https:\/\/api.w.org\/{rel}","templated":true}]}}