{"id":327846,"date":"2025-08-18T20:34:17","date_gmt":"2025-08-18T20:34:17","guid":{"rendered":"https:\/\/www.europesays.com\/fr\/327846\/"},"modified":"2025-08-18T20:34:17","modified_gmt":"2025-08-18T20:34:17","slug":"amelia-windsor-celebre-ses-30-ans-les-festivites-commencent-bien-avant-la-date","status":"publish","type":"post","link":"https:\/\/www.europesays.com\/fr\/327846\/","title":{"rendered":"Amelia Windsor c\u00e9l\u00e8bre ses 30 ans : les festivit\u00e9s commencent bien avant la date"},"content":{"rendered":"<p>Apr\u00e8s <a target=\"_blank\" href=\"https:\/\/www.pointdevue.fr\/royal\/royaume-uni\/lautriche-newton-abbot-et-la-suisse-les-vacances-au-vert-damelia-windsor\" rel=\"nofollow noopener\">des vacances au vert des plus ressour\u00e7antes<\/a>, lady Amelia Windsor est de retour \u00e0 Londres. Mais pas de routine pour l\u2019instant\u2026 La jeune membre de la famille royale britannique s\u2019appr\u00eate \u00e0 avoir 30 ans et compte le c\u00e9l\u00e9brer comme il se doit. Preuve en est, d\u00e8s ce weekend du 16 ao\u00fbt, elle a r\u00e9uni ses proches pour souffler ses bougies. <strong>Au diable le mythe pa\u00efen qui promettait un an de malheur \u00e0 celui ou celle qui c\u00e9l\u00e8bre son anniversaire avant la date officielle ! <\/strong>Amelia Windsor est d\u00e9cid\u00e9ment l\u00e0 pour casser les codes, et elle a choisi un lieu bien particulier pour la (premi\u00e8re ?) soir\u00e9e en son honneur.\u00a0<\/p>\n<p>Pas <a target=\"_blank\" href=\"https:\/\/www.pointdevue.fr\/royal\/royaume-uni\/garden-party-royale-sa-majeste-vous-invite-a-buckingham\" rel=\"nofollow noopener\">de garden party<\/a> ou du moins pas pour l\u2019instant, lady Amelia Windsor a mis\u00e9 sur un bar londonien immersif. Le Bonker\u2019s bar est un lieu de f\u00eate qu\u2019il est possible de privatiser pour organiser des \u00e9v\u00e8nements mais c\u2019est avant tout une exp\u00e9rience. <strong>Au menu, des cocktails \u00e0 consommer dans un d\u00e9cor psych\u00e9d\u00e9lique.<\/strong> Et \u00e0 en croire les photos publi\u00e9es sur son compte Instagram, Amelia Windsor a appr\u00e9ci\u00e9 sa premi\u00e8re soir\u00e9e d\u2019anniversaire. En l\u00e9gende, la jeune femme \u00e9crit : \u00ab\u00a0Before birthday boogie\u00a0\u00bb&#8230;<\/p>\n<p>Et au lendemain de ces c\u00e9l\u00e9brations, la deuxi\u00e8me fille de George, comte de St Andrews, et de son \u00e9pouse Sylvana, a r\u00e9cup\u00e9r\u00e9 dans un \u00e9tablissement luxueux. Dans sa story Instagram, <strong>elle a d\u00e9voil\u00e9 en quelques images, son dimanche au sein du domaine de Beaverbrook.\u00a0<\/strong><\/p>\n<p><img decoding=\"async\" src=\"https:\/\/www.europesays.com\/fr\/wp-content\/uploads\/2025\/08\/Capture_d\u2019\u00e9cran_2025-08-18_161248dEudXeJOCl.jpg\" alt=\"Le Spa au sein du domaine de luxe, Beaverbrook, situ\u00e9 \u00e0 seulement 30km de Londres.\"\/><strong>Le Spa au sein du domaine de luxe, Beaverbrook, situ\u00e9 \u00e0 seulement 30km de Londres.<\/strong> \u00a9 Instagram Amelia Windsor<\/p>\n<p><strong>Spa, piscine, chambres sublimes, d\u00e9cor somptueux, fontaines historiques et repas all\u00e9chants\u2026<\/strong> De quoi commencer cette semaine d\u2019anniversaire de la meilleure des fa\u00e7ons !\u00a0Quant \u00e0 la suite des festivit\u00e9s ? Rendez-vous ce dimanche 24 ao\u00fbt pour d\u00e9couvrir toutes les c\u00e9l\u00e9brations autour des 30 ans de lady Amelia Windsor.\u00a0<\/p>\n<p><strong>Lire aussi &gt;&gt; <\/strong><a target=\"_blank\" href=\"https:\/\/www.pointdevue.fr\/royal\/royaume-uni\/mariage-royal-en-vue-lady-marina-windsor-annonce-ses-fiancailles\" rel=\"nofollow noopener\">Mariage royal en vue : lady Marina Windsor annonce ses fian\u00e7ailles<\/a><\/p>\n","protected":false},"excerpt":{"rendered":"Apr\u00e8s des vacances au vert des plus ressour\u00e7antes, lady Amelia Windsor est de retour \u00e0 Londres. Mais pas&hellip;\n","protected":false},"author":2,"featured_media":327847,"comment_status":"","ping_status":"","sticky":false,"template":"","format":"standard","meta":{"footnotes":""},"categories":[1588],"tags":[11,1777,674,12,473,1853,1851,1850,1852],"class_list":{"0":"post-327846","1":"post","2":"type-post","3":"status-publish","4":"format-standard","5":"has-post-thumbnail","7":"category-royaume-uni","8":"tag-actualites","9":"tag-eu","10":"tag-europe","11":"tag-news","12":"tag-royaume-uni","13":"tag-royaume-uni-de-grande-bretagne-et-dirlande-du-nord","14":"tag-uk","15":"tag-united-kingdom","16":"tag-united-kingdom-of-great-britain-and-northern-ireland"},"share_on_mastodon":{"url":"https:\/\/pubeurope.com\/@fr\/115051683294962329","error":""},"_links":{"self":[{"href":"https:\/\/www.europesays.com\/fr\/wp-json\/wp\/v2\/posts\/327846","targetHints":{"allow":["GET"]}}],"collection":[{"href":"https:\/\/www.europesays.com\/fr\/wp-json\/wp\/v2\/posts"}],"about":[{"href":"https:\/\/www.europesays.com\/fr\/wp-json\/wp\/v2\/types\/post"}],"author":[{"embeddable":true,"href":"https:\/\/www.europesays.com\/fr\/wp-json\/wp\/v2\/users\/2"}],"replies":[{"embeddable":true,"href":"https:\/\/www.europesays.com\/fr\/wp-json\/wp\/v2\/comments?post=327846"}],"version-history":[{"count":0,"href":"https:\/\/www.europesays.com\/fr\/wp-json\/wp\/v2\/posts\/327846\/revisions"}],"wp:featuredmedia":[{"embeddable":true,"href":"https:\/\/www.europesays.com\/fr\/wp-json\/wp\/v2\/media\/327847"}],"wp:attachment":[{"href":"https:\/\/www.europesays.com\/fr\/wp-json\/wp\/v2\/media?parent=327846"}],"wp:term":[{"taxonomy":"category","embeddable":true,"href":"https:\/\/www.europesays.com\/fr\/wp-json\/wp\/v2\/categories?post=327846"},{"taxonomy":"post_tag","embeddable":true,"href":"https:\/\/www.europesays.com\/fr\/wp-json\/wp\/v2\/tags?post=327846"}],"curies":[{"name":"wp","href":"https:\/\/api.w.org\/{rel}","templated":true}]}}