{"id":327848,"date":"2025-08-18T20:35:15","date_gmt":"2025-08-18T20:35:15","guid":{"rendered":"https:\/\/www.europesays.com\/fr\/327848\/"},"modified":"2025-08-18T20:35:15","modified_gmt":"2025-08-18T20:35:15","slug":"lallemagne-exige-une-baisse-effective-des-droits-de-douane-sur-les-voitures-pour-finaliser-laccord-commercial-ue-etats-unis","status":"publish","type":"post","link":"https:\/\/www.europesays.com\/fr\/327848\/","title":{"rendered":"L&rsquo;Allemagne exige une baisse effective des droits de douane sur les voitures pour finaliser l&rsquo;accord commercial UE-\u00c9tats-Unis"},"content":{"rendered":"<p>L&rsquo;Allemagne a d\u00e9clar\u00e9 lundi que les \u00c9tats-Unis devaient appliquer la r\u00e9duction des droits de douane sur les voitures fabriqu\u00e9es en Europe, telle que convenue, avant qu&rsquo;un accord commercial plus large ne puisse \u00eatre finalis\u00e9 par \u00e9crit.<\/p>\n<p>\n\u00ab\u00a0En particulier, les droits de douane sur les voitures doivent \u00eatre r\u00e9duits rapidement, comme convenu. Nous sommes \u00e9galement conscients du fardeau consid\u00e9rable qui p\u00e8se sur l&rsquo;\u00e9conomie orient\u00e9e vers l&rsquo;exportation. &#8230; Notre r\u00f4le ici est de continuer \u00e0 soutenir pleinement la Commission europ\u00e9enne dans ce processus\u00a0\u00bb, a d\u00e9clar\u00e9 un porte-parole du gouvernement allemand lors d&rsquo;une conf\u00e9rence de presse.<\/p>\n<p>\nL&rsquo;Union europ\u00e9enne et les \u00c9tats-Unis ont conclu fin juillet un accord-cadre sur le commerce, dont de nombreux d\u00e9tails essentiels restent \u00e0 pr\u00e9ciser.<\/p>\n","protected":false},"excerpt":{"rendered":"L&rsquo;Allemagne a d\u00e9clar\u00e9 lundi que les \u00c9tats-Unis devaient appliquer la r\u00e9duction des droits de douane sur les voitures&hellip;\n","protected":false},"author":2,"featured_media":327849,"comment_status":"","ping_status":"","sticky":false,"template":"","format":"standard","meta":{"footnotes":""},"categories":[1587],"tags":[11,672,340,1804,1805,1803,1777,674,1801,12,1802],"class_list":{"0":"post-327848","1":"post","2":"type-post","3":"status-publish","4":"format-standard","5":"has-post-thumbnail","7":"category-allemagne","8":"tag-actualites","9":"tag-allemagne","10":"tag-bourse","11":"tag-bundesrepublik-deutschland","12":"tag-de","13":"tag-deutschland","14":"tag-eu","15":"tag-europe","16":"tag-germany","17":"tag-news","18":"tag-republique-federale-dallemagne"},"share_on_mastodon":{"url":"https:\/\/pubeurope.com\/@fr\/115051687059363710","error":""},"_links":{"self":[{"href":"https:\/\/www.europesays.com\/fr\/wp-json\/wp\/v2\/posts\/327848","targetHints":{"allow":["GET"]}}],"collection":[{"href":"https:\/\/www.europesays.com\/fr\/wp-json\/wp\/v2\/posts"}],"about":[{"href":"https:\/\/www.europesays.com\/fr\/wp-json\/wp\/v2\/types\/post"}],"author":[{"embeddable":true,"href":"https:\/\/www.europesays.com\/fr\/wp-json\/wp\/v2\/users\/2"}],"replies":[{"embeddable":true,"href":"https:\/\/www.europesays.com\/fr\/wp-json\/wp\/v2\/comments?post=327848"}],"version-history":[{"count":0,"href":"https:\/\/www.europesays.com\/fr\/wp-json\/wp\/v2\/posts\/327848\/revisions"}],"wp:featuredmedia":[{"embeddable":true,"href":"https:\/\/www.europesays.com\/fr\/wp-json\/wp\/v2\/media\/327849"}],"wp:attachment":[{"href":"https:\/\/www.europesays.com\/fr\/wp-json\/wp\/v2\/media?parent=327848"}],"wp:term":[{"taxonomy":"category","embeddable":true,"href":"https:\/\/www.europesays.com\/fr\/wp-json\/wp\/v2\/categories?post=327848"},{"taxonomy":"post_tag","embeddable":true,"href":"https:\/\/www.europesays.com\/fr\/wp-json\/wp\/v2\/tags?post=327848"}],"curies":[{"name":"wp","href":"https:\/\/api.w.org\/{rel}","templated":true}]}}