{"id":327852,"date":"2025-08-18T20:37:11","date_gmt":"2025-08-18T20:37:11","guid":{"rendered":"https:\/\/www.europesays.com\/fr\/327852\/"},"modified":"2025-08-18T20:37:11","modified_gmt":"2025-08-18T20:37:11","slug":"invasion-de-lukraine-zelensky-dit-avoir-eu-sa-meilleure-conversation-avec-trump","status":"publish","type":"post","link":"https:\/\/www.europesays.com\/fr\/327852\/","title":{"rendered":"Invasion de l?Ukraine &#8211; Zelensky dit avoir eu sa \u00ab\u00a0meilleure\u00a0\u00bb conversation avec Trump"},"content":{"rendered":"<p><img decoding=\"async\" class=\"w-full object-contain\" style=\"aspect-ratio:150 \/ 100;opacity:1\" alt=\"Invasion de l?Ukraine - Zelensky dit avoir eu sa &quot;meilleure&quot; conversation avec Trump\" width=\"512\" height=\"341\" fetchpriority=\"high\" src=\"https:\/\/www.europesays.com\/fr\/wp-content\/uploads\/2025\/08\/INZ767CTAJBFZFLNMZWHJWPIFE.jpg\"  \/><\/p>\n<p class=\"ap-StoryElement ap-StoryElement--mb ap-StoryText\">\u00ab\u00a0Je pense que nous avons eu une tr\u00e8s bonne conversation avec le pr\u00e9sident Trump, c&rsquo;\u00e9tait vraiment la meilleure &#8211; enfin, pardon, peut-\u00eatre que la meilleure aura lieu \u00e0 l&rsquo;avenir &#8211; mais c&rsquo;\u00e9tait vraiment bien, et nous avons parl\u00e9 de choses extr\u00eamement sensibles\u00a0\u00bb, a d\u00e9clar\u00e9 M. Zelensky, assis autour d&rsquo;une table o\u00f9 \u00e9taient \u00e9galement M. Trump et les dirigeants de puissances europ\u00e9ennes.<\/p>\n","protected":false},"excerpt":{"rendered":"\u00ab\u00a0Je pense que nous avons eu une tr\u00e8s bonne conversation avec le pr\u00e9sident Trump, c&rsquo;\u00e9tait vraiment la meilleure&hellip;\n","protected":false},"author":2,"featured_media":25030,"comment_status":"","ping_status":"","sticky":false,"template":"","format":"standard","meta":{"footnotes":""},"categories":[1586],"tags":[11,672,2120,312,73,1777,674,1779,219,1011,27,452,12,136,25,132,1778,220,364],"class_list":{"0":"post-327852","1":"post","2":"type-post","3":"status-publish","4":"format-standard","5":"has-post-thumbnail","7":"category-europe","8":"tag-actualites","9":"tag-allemagne","10":"tag-conflit","11":"tag-diplomatie","12":"tag-etats-unis","13":"tag-eu","14":"tag-europe","15":"tag-european-union","16":"tag-finlande","17":"tag-fr","18":"tag-france","19":"tag-italie","20":"tag-news","21":"tag-otan","22":"tag-republique-francaise","23":"tag-russie","24":"tag-ue","25":"tag-ukraine","26":"tag-union-europeenne"},"share_on_mastodon":{"url":"https:\/\/pubeurope.com\/@fr\/115051694934841518","error":""},"_links":{"self":[{"href":"https:\/\/www.europesays.com\/fr\/wp-json\/wp\/v2\/posts\/327852","targetHints":{"allow":["GET"]}}],"collection":[{"href":"https:\/\/www.europesays.com\/fr\/wp-json\/wp\/v2\/posts"}],"about":[{"href":"https:\/\/www.europesays.com\/fr\/wp-json\/wp\/v2\/types\/post"}],"author":[{"embeddable":true,"href":"https:\/\/www.europesays.com\/fr\/wp-json\/wp\/v2\/users\/2"}],"replies":[{"embeddable":true,"href":"https:\/\/www.europesays.com\/fr\/wp-json\/wp\/v2\/comments?post=327852"}],"version-history":[{"count":0,"href":"https:\/\/www.europesays.com\/fr\/wp-json\/wp\/v2\/posts\/327852\/revisions"}],"wp:featuredmedia":[{"embeddable":true,"href":"https:\/\/www.europesays.com\/fr\/wp-json\/wp\/v2\/media\/25030"}],"wp:attachment":[{"href":"https:\/\/www.europesays.com\/fr\/wp-json\/wp\/v2\/media?parent=327852"}],"wp:term":[{"taxonomy":"category","embeddable":true,"href":"https:\/\/www.europesays.com\/fr\/wp-json\/wp\/v2\/categories?post=327852"},{"taxonomy":"post_tag","embeddable":true,"href":"https:\/\/www.europesays.com\/fr\/wp-json\/wp\/v2\/tags?post=327852"}],"curies":[{"name":"wp","href":"https:\/\/api.w.org\/{rel}","templated":true}]}}