{"id":327857,"date":"2025-08-18T20:40:18","date_gmt":"2025-08-18T20:40:18","guid":{"rendered":"https:\/\/www.europesays.com\/fr\/327857\/"},"modified":"2025-08-18T20:40:18","modified_gmt":"2025-08-18T20:40:18","slug":"championnats-de-france-jeunes-u14-les-favoris-repondent-present","status":"publish","type":"post","link":"https:\/\/www.europesays.com\/fr\/327857\/","title":{"rendered":"Championnats de France Jeunes U14 : les favoris r\u00e9pondent pr\u00e9sent"},"content":{"rendered":"<p>Les <strong>Championnats de France Jeunes Padel 2025<\/strong> continuent ce mardi 19 ao\u00fbt avec la cat\u00e9gorie <strong>U14<\/strong>, et pour l\u2019instant, la logique est respect\u00e9e.<\/p>\n<p>Lors des huiti\u00e8mes puis des quarts de finale, les <strong>t\u00eates de s\u00e9rie<\/strong> ont tenu leur rang sans trembler. La seule alerte est venue du duel entre l\u2019<strong>\u00cele-de-France (TS 6)<\/strong> et la <strong>R\u00e9union (TS 9)<\/strong>. Dans une rencontre accroch\u00e9e, les Franciliens ont d\u00fb abandonner un match, laissant entrevoir l\u2019\u00e9quilibre des forces dans cette opposition.<\/p>\n<p>Pour le reste, les favoris n\u2019ont pas laiss\u00e9 place au doute : en quarts de finale, les <strong>quatre premi\u00e8res t\u00eates de s\u00e9rie<\/strong> se sont toutes impos\u00e9es sur le score net de <strong>3\/0<\/strong>.<\/p>\n<p>Le dernier carr\u00e9 est donc \u00e0 la hauteur des attentes  :<\/p>\n<ul class=\"wp-block-list\">\n<li><strong>Occitanie (TS 1)<\/strong> affrontera <strong>Normandie (TS 4)<\/strong><\/li>\n<li><strong>Auvergne-Rh\u00f4ne-Alpes (TS 3)<\/strong> sera oppos\u00e9e \u00e0 <strong>Provence-Alpes-C\u00f4te d\u2019Azur (TS 2)<\/strong><\/li>\n<\/ul>\n<p>La journ\u00e9e de mardi d\u00e9butera \u00e0 <strong>9h00<\/strong> avec le <strong>3\u1d49 tour<\/strong>, puis se poursuivra \u00e0 <strong>15h00<\/strong> avec les matchs de classement pour les <strong>places 5 \u00e0 12<\/strong>. Les rencontres pour la <strong>finale<\/strong> et la <strong>3\u1d49 place<\/strong> sont quant \u00e0 elles pr\u00e9vues mercredi \u00e0 9h00.<\/p>\n<\/p>\n<p>\u00c0 noter que la <strong>programmation de l\u2019apr\u00e8s-midi pourra \u00eatre adapt\u00e9e<\/strong> en fonction de l\u2019\u00e9volution des matchs du matin.<\/p>\n<p><img loading=\"lazy\" decoding=\"async\" data-del=\"avatar\" alt=\"Franck Binisti\" src=\"https:\/\/www.europesays.com\/fr\/wp-content\/uploads\/2025\/04\/Franck-Binisti-Padel-100x100.jpg\" class=\"avatar pp-user-avatar avatar-100 photo \" height=\"100\" width=\"100\"\/><\/p>\n<p>Franck Binisti d\u00e9couvre le padel au Club des Pyramides en 2009 en r\u00e9gion parisienne. Depuis, le padel fait partie de sa vie. Vous le voyez souvent faire le tour de France en allant couvrir les grands \u00e9v\u00e9nements de padel fran\u00e7ais.<\/p>\n<p class=\"related-title\">Sur le m\u00eame sujet<\/p>\n","protected":false},"excerpt":{"rendered":"Les Championnats de France Jeunes Padel 2025 continuent ce mardi 19 ao\u00fbt avec la cat\u00e9gorie U14, et pour&hellip;\n","protected":false},"author":2,"featured_media":318616,"comment_status":"","ping_status":"","sticky":false,"template":"","format":"standard","meta":{"footnotes":""},"categories":[4],"tags":[11,31305,45686,1011,27,12,25],"class_list":{"0":"post-327857","1":"post","2":"type-post","3":"status-publish","4":"format-standard","5":"has-post-thumbnail","7":"category-france","8":"tag-actualites","9":"tag-championnats-de-france-de-padel-2025","10":"tag-championnats-de-france-de-padel-jeunes","11":"tag-fr","12":"tag-france","13":"tag-news","14":"tag-republique-francaise"},"share_on_mastodon":{"url":"https:\/\/pubeurope.com\/@fr\/115051706745542189","error":""},"_links":{"self":[{"href":"https:\/\/www.europesays.com\/fr\/wp-json\/wp\/v2\/posts\/327857","targetHints":{"allow":["GET"]}}],"collection":[{"href":"https:\/\/www.europesays.com\/fr\/wp-json\/wp\/v2\/posts"}],"about":[{"href":"https:\/\/www.europesays.com\/fr\/wp-json\/wp\/v2\/types\/post"}],"author":[{"embeddable":true,"href":"https:\/\/www.europesays.com\/fr\/wp-json\/wp\/v2\/users\/2"}],"replies":[{"embeddable":true,"href":"https:\/\/www.europesays.com\/fr\/wp-json\/wp\/v2\/comments?post=327857"}],"version-history":[{"count":0,"href":"https:\/\/www.europesays.com\/fr\/wp-json\/wp\/v2\/posts\/327857\/revisions"}],"wp:featuredmedia":[{"embeddable":true,"href":"https:\/\/www.europesays.com\/fr\/wp-json\/wp\/v2\/media\/318616"}],"wp:attachment":[{"href":"https:\/\/www.europesays.com\/fr\/wp-json\/wp\/v2\/media?parent=327857"}],"wp:term":[{"taxonomy":"category","embeddable":true,"href":"https:\/\/www.europesays.com\/fr\/wp-json\/wp\/v2\/categories?post=327857"},{"taxonomy":"post_tag","embeddable":true,"href":"https:\/\/www.europesays.com\/fr\/wp-json\/wp\/v2\/tags?post=327857"}],"curies":[{"name":"wp","href":"https:\/\/api.w.org\/{rel}","templated":true}]}}