{"id":327860,"date":"2025-08-18T20:43:08","date_gmt":"2025-08-18T20:43:08","guid":{"rendered":"https:\/\/www.europesays.com\/fr\/327860\/"},"modified":"2025-08-18T20:43:08","modified_gmt":"2025-08-18T20:43:08","slug":"antoine-dupont-est-deteste-a-letranger-il-se-fait-humilier-sur-la-toile","status":"publish","type":"post","link":"https:\/\/www.europesays.com\/fr\/327860\/","title":{"rendered":"Antoine Dupont est d\u00e9test\u00e9 \u00e0 l\u2019\u00e9tranger, il se fait humilier sur la toile !"},"content":{"rendered":"<p class=\"heading\">Les superlatifs manquent pour d\u00e9crire Antoine Dupont, capitaine du Stade Toulousain ainsi que du XV de France de Fabien Galthi\u00e9. Pourtant, le demi de m\u00eal\u00e9e de 28 ans ne semble pas faire l\u2019unanimit\u00e9 et c\u2019est le cas \u00e0 l\u2019\u00e9tranger, o\u00f9 certains ne manquent pas d\u2019originalit\u00e9 pour le critiquer. <\/p>\n<p>Depuis mars dernier, le rugby fran\u00e7ais doit faire \u00e0 moins d\u2019<strong>Antoine Dupont<\/strong>. Gravement bless\u00e9 au genou, la star tricolore a \u00e9t\u00e9 contraint de se faire op\u00e9rer et si certains esp\u00e9raient le voir de retour avec le <strong>XV de France<\/strong> \u00e0 l\u2019automne, il faudra vraisemblablement patienter jusqu\u2019au prochain <strong>Tournoi des 6 Nations<\/strong>. Interrog\u00e9, le principal int\u00e9ress\u00e9 a en effet annonc\u00e9 ne pas vouloir se pr\u00e9cipiter. <\/p>\n<p>                                            Le rugby fran\u00e7ais orphelin de Dupont <\/p>\n<p>Il faut dire quand m\u00eame que son absence s\u2019est fait sentir, que ce soit en s\u00e9lection ou avec son club du <strong>Stade Toulousain<\/strong>. Pour le dernier match du <strong>6 Nations 2025<\/strong>, c\u2019est <strong>Maxime Lucu<\/strong> qui l\u2019a remplac\u00e9 et le moins que l\u2019on puisse dire c\u2019est qu\u2019il l\u2019a fait \u00e0 la perfection. Mais les d\u00e9bats font d\u00e9j\u00e0 rage pour les test-matchs de l\u2019automne, avec \u00e9galement <strong>Nolann Le Garrec<\/strong> ou m\u00eame un certain <strong>Baptiste Serin<\/strong> qui pourraient bien venir bousculer la hi\u00e9rarchie mise en place par <strong>Fabien Galthi\u00e9 <\/strong>\u00e0 la m\u00eal\u00e9e. <\/p>\n<p>                                            \u00ab Il ressemble \u00e0 une caricature de lui-m\u00eame \u00bb <\/p>\n<p>Si en France tout le monde attend avec impatience son retour, cela ne semble pas vraiment \u00eatre le cas \u00e0 l\u2019\u00e9tranger. En effet, le site britannique Ruck a fait un sondage aupr\u00e8s de ses lecteurs sur Reddit pour connaitre le joueur le plus d\u00e9test\u00e9 au Monde&#8230; et \u00e0 la surprise g\u00e9n\u00e9rale, certains citent <a href=\"https:\/\/le10sport.com\/rugby\/xv-de-france\/dupont-ntamack-la-grande-nouvelle-qui-va-regaler-fabien-glathie-754739\" rel=\"nofollow noopener\" target=\"_blank\">Antoine Dupont<\/a> ! Les raisons sont toutes diff\u00e9rentes, puisqu\u2019un utilisateur du r\u00e9seau social explique qu\u2019il \u00ab ressemble \u00e0 une caricature de lui-m\u00eame \u00bb, mais un autre \u00e9crit \u00e9galement sur le capitaine du <strong>XV de France<\/strong> qu\u2019il \u00ab ressemble \u00e0 mon grand-p\u00e8re \u00bb. <\/p>\n","protected":false},"excerpt":{"rendered":"Les superlatifs manquent pour d\u00e9crire Antoine Dupont, capitaine du Stade Toulousain ainsi que du XV de France de&hellip;\n","protected":false},"author":2,"featured_media":327861,"comment_status":"","ping_status":"","sticky":false,"template":"","format":"standard","meta":{"footnotes":""},"categories":[1416],"tags":[1011,27,479,1468,60],"class_list":{"0":"post-327860","1":"post","2":"type-post","3":"status-publish","4":"format-standard","5":"has-post-thumbnail","7":"category-rugby","8":"tag-fr","9":"tag-france","10":"tag-rugby","11":"tag-rugby-football","12":"tag-sports"},"share_on_mastodon":{"url":"https:\/\/pubeurope.com\/@fr\/115051718552382555","error":""},"_links":{"self":[{"href":"https:\/\/www.europesays.com\/fr\/wp-json\/wp\/v2\/posts\/327860","targetHints":{"allow":["GET"]}}],"collection":[{"href":"https:\/\/www.europesays.com\/fr\/wp-json\/wp\/v2\/posts"}],"about":[{"href":"https:\/\/www.europesays.com\/fr\/wp-json\/wp\/v2\/types\/post"}],"author":[{"embeddable":true,"href":"https:\/\/www.europesays.com\/fr\/wp-json\/wp\/v2\/users\/2"}],"replies":[{"embeddable":true,"href":"https:\/\/www.europesays.com\/fr\/wp-json\/wp\/v2\/comments?post=327860"}],"version-history":[{"count":0,"href":"https:\/\/www.europesays.com\/fr\/wp-json\/wp\/v2\/posts\/327860\/revisions"}],"wp:featuredmedia":[{"embeddable":true,"href":"https:\/\/www.europesays.com\/fr\/wp-json\/wp\/v2\/media\/327861"}],"wp:attachment":[{"href":"https:\/\/www.europesays.com\/fr\/wp-json\/wp\/v2\/media?parent=327860"}],"wp:term":[{"taxonomy":"category","embeddable":true,"href":"https:\/\/www.europesays.com\/fr\/wp-json\/wp\/v2\/categories?post=327860"},{"taxonomy":"post_tag","embeddable":true,"href":"https:\/\/www.europesays.com\/fr\/wp-json\/wp\/v2\/tags?post=327860"}],"curies":[{"name":"wp","href":"https:\/\/api.w.org\/{rel}","templated":true}]}}