{"id":327867,"date":"2025-08-18T20:48:16","date_gmt":"2025-08-18T20:48:16","guid":{"rendered":"https:\/\/www.europesays.com\/fr\/327867\/"},"modified":"2025-08-18T20:48:16","modified_gmt":"2025-08-18T20:48:16","slug":"cyclisme-tour-de-lavenir-widar-omrzel-qui-sont-les-adversaires-de-paul-seixas","status":"publish","type":"post","link":"https:\/\/www.europesays.com\/fr\/327867\/","title":{"rendered":"Cyclisme. Tour de l&rsquo;Avenir &#8211; Widar, Omrzel&#8230; qui sont les adversaires de Paul Seixas ?"},"content":{"rendered":"<p> Lire la suite de l&rsquo;article&#13;<\/p>\n<p>\u00a0<\/p>\n<p>&#13;<br \/>\nLes favoris&#13;<\/p>\n<p style=\"text-align: center;\">\u2b50\u2b50\u2b50\u2b50\u2b50<\/p>\n<p>&#13;<\/p>\n<p style=\"text-align: center;\"><strong>Paul Seixas<\/strong> (France)<\/p>\n<p>&#13;<\/p>\n<p style=\"text-align: center;\">\u00a0<\/p>\n<p>&#13;<\/p>\n<p style=\"text-align: center;\">\u2b50\u2b50\u2b50\u2b50<\/p>\n<p>&#13;<\/p>\n<p style=\"text-align: center;\"><strong>Jarno Widar<\/strong> (Belgique), <strong>Jakob Omrzel<\/strong> (Slov\u00e9nie)<\/p>\n<p>&#13;<\/p>\n<p style=\"text-align: center;\">\u00a0<\/p>\n<p>&#13;<\/p>\n<p style=\"text-align: center;\">\u2b50\u2b50\u2b50<\/p>\n<p>&#13;<\/p>\n<p style=\"text-align: center;\"><strong>Jorgen Nordhagen<\/strong> (Norv\u00e8ge), <strong>Pablo Torres<\/strong> (Espagne),<strong> Adria Pericas<\/strong> (Espagne), <strong>Lorenzo Finn<\/strong> (Italie)<\/p>\n<p>&#13;<\/p>\n<p style=\"text-align: center;\">\u00a0<\/p>\n<p>&#13;<\/p>\n<p style=\"text-align: center;\">\u2b50\u2b50<\/p>\n<p>&#13;<\/p>\n<p style=\"text-align: center;\"><strong>Pavel Novak <\/strong>(R\u00e9publique Tch\u00e8que),<strong>\u00a0Pau Marti <\/strong>(Espagne), <strong>Filippo Turconi<\/strong> (Italie), <strong>Luke Tuckwell<\/strong> (Australie)<\/p>\n<p>&#13;<\/p>\n<p style=\"text-align: center;\">\u00a0<\/p>\n<p>&#13;<\/p>\n<p style=\"text-align: center;\">\u2b50<\/p>\n<p>&#13;<\/p>\n<p style=\"text-align: center;\"><strong>Mateo Pablo Ramirez<\/strong> (Equateur), <strong>Jamie Meehan <\/strong>(Irlande), <strong>Filip Gruszczynski <\/strong>(Pologne),<strong> Marco Schrettl<\/strong> (Autriche), <strong>Callum Thornley <\/strong>(Grande-Bretagne), <strong>Simon Dalby<\/strong> (Danemark)<\/p>\n<p>&#13;<\/p>\n<p style=\"text-align: center;\">\u00a0<\/p>\n<p>&#13;<br \/>\nLes non-grimpeurs \u00e0 suivre&#13;<\/p>\n<p style=\"text-align: left;\">Hormis les coureurs qui vont jouer le classement g\u00e9n\u00e9ral, d&rsquo;autres noms seront \u00e0 surveiller durant cette semaine de course. Du c\u00f4t\u00e9 des sprinteurs, nous pouvons citer<strong> Noah Hobbs<\/strong> (Grande-Bretagne), <strong>Davide Donati<\/strong> (Italie), <strong>Karsten Larsen Feldmann <\/strong>(Norv\u00e8ge), <strong>Cesar Macias<\/strong>, <strong>Carlos Alfonso Garcia <\/strong>(Mexique) ou encore <strong>Patrick Frydkjaer<\/strong> (Danemark), qui se disputeront la gagne sur les 2 ou 3 \u00e9tapes r\u00e9serv\u00e9es aux hommes rapides.<\/p>\n<p>&#13;<\/p>\n<p style=\"text-align: left;\">Parmi les autres coureurs \u00e0 surveiller, capables d&rsquo;aller chercher une victoire d&rsquo;\u00e9tape, <strong>Simone Gualdi<\/strong>, <strong>Pietro Mattio<\/strong> (Italie),<strong> Tomos Pattinson <\/strong>(Grande-Bretagne), <strong>Antoine L&rsquo;Hote<\/strong>,<strong> Pierre-Henry Basset <\/strong>(France), <strong>Aaron Dockx<\/strong>, <strong>Tim Rex<\/strong> (Belgique)<strong> Liam O&rsquo;Brien<\/strong>, <strong>Seth Dunwoody<\/strong> (Irlande), <strong>Carl-Frederik B\u00e9vort <\/strong>(Danemark), <strong>Storm Ingebrigsten <\/strong>(Norv\u00e8ge)&#8230; seront \u00e0 suivre de pr\u00eat.<\/p>\n<p>&#13;<\/p>\n<p style=\"text-align: left;\">\u00a0<\/p>\n<p>&#13;<br \/>\nLa startlist provisoire&#13;<\/p>\n<p style=\"text-align: left;\"><strong>GREAT BRITAIN<\/strong><br \/>1 HOBBS Noah<br \/>2 THORNLEY Callum<br \/>3 BUSH Jacob<br \/>4 PEACE Oliver<br \/>5 PATTINSON Tomos<br \/>6 ROWE Elliot<\/p>\n<p>&#13;<\/p>\n<p style=\"text-align: left;\"><strong>SPAIN<\/strong><br \/>11 AZANZA Ibai<br \/>12 AZNAR Hugo<br \/>13 FERNANDEZ REVIEJO Alberto<br \/>14 MARTI Pau<br \/>15 PERICAS Adria<br \/>16 TORRES Pablo<\/p>\n<p>&#13;<\/p>\n<p style=\"text-align: left;\"><strong>NETHERLANDS<\/strong><br \/>21 PETERS Marvin<br \/>22 REINDERINK Joris<br \/>23 TIJSSEN Viego<br \/>24 VAN ZANDEN Otto<br \/>25 KONING Stef<br \/>26 DE JONG Nino<\/p>\n<p>&#13;<\/p>\n<p style=\"text-align: left;\"><strong>FRANCE<\/strong><br \/>31 SEIXAS Paul<br \/>32 DECOMBLE Maxime<br \/>33 FABRIES Ugo<br \/>34 L&rsquo;HOTE Antoine<br \/>35 LOULERGUE Victor<br \/>36 BASSET Pierre-Henry<\/p>\n<p>&#13;<\/p>\n<p style=\"text-align: left;\"><strong>ITALY<\/strong><br \/>41 FINN Lorenzo<br \/>42 GUALDI Simone<br \/>43 TURCONI Filippo<br \/>44 BORGO Alessandro<br \/>45 DONATI Davide<br \/>46 MATTIO Pietro<\/p>\n<p>&#13;<\/p>\n<p style=\"text-align: left;\"><strong>DENMARK<\/strong><br \/>51 FRYDKJ\u00c6R Patrick<br \/>52 \u00d8XENBERG Peter<br \/>53 SVARRE Tobias<br \/>54 TROELSEN Tore<br \/>55 DALBY Simon<br \/>56 BEVORT Carl-Frederik<\/p>\n<p>&#13;<\/p>\n<p style=\"text-align: left;\"><strong>COLOMBIA<\/strong><br \/>61 RODRIGUEZ Juan Felipe<br \/>62 GARCIA GOMEZ Estiven<br \/>63 MU\u00d1OZ Jaider<br \/>64 FLOREZ Samuel<br \/>65 MARIN Miguel Angel<br \/>66 ZAPATA Mauricio<\/p>\n<p>&#13;<\/p>\n<p style=\"text-align: left;\"><strong>CENTRE MONDIAL DU CYCLISME<\/strong><br \/>71 BASARABA Mykhailo<br \/>72 CRAUSE Pedri<br \/>73 MIMOUNI Oussama Abdellah<br \/>74 ESSEMIANI Nasrallah<br \/>75 CHYZHYKOV Heorhii<br \/>76 MULUGETA Yafiet<\/p>\n<p>&#13;<\/p>\n<p style=\"text-align: left;\"><strong>LUXEMBOURG<\/strong><br \/>81 WALLENBORN Arno<br \/>82 KOCKELMANN Mathieu<br \/>83 BERNS Mats<br \/>84 KESS Alexandre<br \/>85 MORANG Mil<br \/>86 URY Noe<\/p>\n<p>&#13;<\/p>\n<p style=\"text-align: left;\"><strong>PORTUGAL<\/strong><br \/>91 LIMA Daniel<br \/>92 TAVARES Gon\u00e7alo<br \/>93 DOMINGUES Duarte<br \/>94 MARTINS Jo\u00e3o<br \/>95 LOPES Lucas<br \/>96 MOREIRA Daniel<\/p>\n<p>&#13;<\/p>\n<p style=\"text-align: left;\"><strong>AUSTRALIA<\/strong><br \/>101 TUCKWELL Luke<br \/>102 MARRIAGE Zac<br \/>103 BROWNING Fergus<br \/>104 WARD Jack<br \/>105 MEDWAY Jackson<br \/>106 BAUDRY Julian<\/p>\n<p>&#13;<\/p>\n<p style=\"text-align: left;\"><strong>SWITZERLAND<\/strong><br \/>111 SCHLEUNIGER Nicola<br \/>112 DONZ\u00c9 Robin<br \/>113 CASAGRANDE Diego<br \/>114 BARHOUMI Ilian<br \/>115 ZUMSTEG Nicola<br \/>116 HUBER Jan<\/p>\n<p>&#13;<\/p>\n<p style=\"text-align: left;\"><strong>CZECHIA<\/strong><\/p>\n<p>&#13;<\/p>\n<p style=\"text-align: left;\">Pas encore d\u00e9voil\u00e9e, mais Pavel Novak sera pr\u00e9sent<\/p>\n<p>&#13;<\/p>\n<p style=\"text-align: left;\"><strong>AUSTRIA<\/strong><br \/>131 FEURSTEIN Kilian<br \/>132 PAUMANN David<br \/>133 PURTSCHELLER Jakob<br \/>134 PUTZ Sebastian<br \/>135 SCHRETTL Marco<br \/>136 STIEGER Adrian<\/p>\n<p>&#13;<\/p>\n<p style=\"text-align: left;\"><strong>BELGIUM<\/strong><br \/>141 WIDAR Jarno<br \/>142 REX Tim<br \/>143 EEMAN Kamiel<br \/>144 SCHOOFS Jasper<br \/>145 MICHELS Jente<br \/>146 DOCKX Aaron<\/p>\n<p>&#13;<\/p>\n<p style=\"text-align: left;\"><strong>CANADA<\/strong><br \/>151 GAUTHIER Jerome<br \/>152 MATTERN Carson<br \/>153 WALTON Jonas<br \/>154 COUTURE Samuel<br \/>155 PELOQUIN Leonard<br \/>156 VALENTI Luke<\/p>\n<p>&#13;<\/p>\n<p style=\"text-align: left;\"><strong>POLAND<\/strong><br \/>161 GAJDULEWICZ Mateusz<br \/>162 GRUSZCZYNSKI Filip<br \/>163 GOSZCZURNY Patryk<br \/>164 LEWANDOWSKI Dawid<br \/>165 POMORSKI Michal<br \/>166 WALINIAK Konrad<\/p>\n<p>&#13;<\/p>\n<p style=\"text-align: left;\"><strong>SLOVENIA<\/strong><br \/>171 OMRZEL Jakob<br \/>172 VALJAVEC Erazem<br \/>173 RAVBAR Anze<br \/>174 MAROLT Jaka<br \/>175 TURK Aljaz<br \/>176 KOMAC Nejc<\/p>\n<p>&#13;<\/p>\n<p style=\"text-align: left;\"><strong>USA<\/strong><br \/>181 KESSLER Cole<br \/>182 HLADY Gavin<br \/>183 CAUDELL Ezra<br \/>184 BUENO Alfredo<br \/>185 DUNHAM Ethan<br \/>186 LOPEZ DE SAN ROMAN Ian<\/p>\n<p>&#13;<\/p>\n<p style=\"text-align: left;\"><strong>GERMANY<\/strong><br \/>191 BOCK Max<br \/>192 BRENNER Mauro<br \/>193 FIETZKE Paul<br \/>194 KESSLER Bruno<br \/>195 KOECH Silas<br \/>196 LEIDERT Louis<\/p>\n<p>&#13;<\/p>\n<p style=\"text-align: left;\"><strong>SWEDEN<\/strong><br \/>201 MERL\u00d6V Ville<br \/>202 LENNARTSSON Hugo<br \/>203 DAHLBLOM Acke<br \/>204 DE LUCA Teodor<br \/>205 MELLBY Joel<br \/>206 MAGNUSSON Isak<\/p>\n<p>&#13;<\/p>\n<p style=\"text-align: left;\"><strong>MEXICO<\/strong><br \/>211 GARCIA Carlos<br \/>212 GONZALEZ Erick<br \/>213 MACIAS Cesar<br \/>214 PRIETO Jos\u00e9 Juan<br \/>215 PRIETO Jose Antonio<br \/>216 ZARATE ANIMAS Michael<\/p>\n<p>&#13;<\/p>\n<p style=\"text-align: left;\"><strong>ECUADOR<\/strong><br \/>221 RAM\u00cdREZ Mateo<br \/>222 MONTEROS Luis<br \/>223 WHITE Jacob<br \/>224 PITA HIDROBO Alejandro<br \/>225 IMBAQUINGO Jhoffre<br \/>226 HUERA MONTENEGRO Dauleth<\/p>\n<p>&#13;<\/p>\n<p style=\"text-align: left;\"><strong>NORWAY<\/strong><br \/>231 NORDHAGEN J\u00f8rgen<br \/>232 H\u00d8YDAHL Jonas Kind<br \/>233 FOUGNER Eivind Broholt<br \/>234 SANDSTAD Halvor Utengen<br \/>235 INGEBRIGTSEN Storm<br \/>236 FELDMANN Karsten<\/p>\n<p>&#13;<\/p>\n<p style=\"text-align: left;\"><strong>IRELAND<\/strong><br \/>241 DUNWOODY Seth<br \/>242 O&rsquo;BRIEN Liam<br \/>243 RAFFERTY Adam<br \/>244 HARVEY Dean<br \/>245 MEEHAN Jamie<br \/>246 O&rsquo;CONNOR Ronan<\/p>\n<p>&#13;<\/p>\n<p style=\"text-align: left;\"><strong>KAZAKHSTAN<\/strong><br \/>251 BASHLYKOV Vladislav<br \/>252 RYSBAY Dias<br \/>253 SILYKBEK Aslan<br \/>254 REMKHI Rudolf<br \/>255 PODLUZHNYY Mikhail<br \/>256 BEISEMBAY Mansur<\/p>\n<p>&#13;<\/p>\n<p style=\"text-align: left;\"><strong>JAPAN<\/strong><br \/>261 MOCHIZUKI Ren<br \/>262 HASHIKAWA Jo<br \/>263 HAYASHIBARA Shoma<br \/>264 IWAMURA Genji<br \/>265 KAMADA Koki<br \/>266 WATANABE Ikki<\/p>\n","protected":false},"excerpt":{"rendered":"Lire la suite de l&rsquo;article&#13; \u00a0 &#13; Les favoris&#13; \u2b50\u2b50\u2b50\u2b50\u2b50 &#13; Paul Seixas (France) &#13; \u00a0 &#13; \u2b50\u2b50\u2b50\u2b50&hellip;\n","protected":false},"author":2,"featured_media":327868,"comment_status":"","ping_status":"","sticky":false,"template":"","format":"standard","meta":{"footnotes":""},"categories":[1411],"tags":[1154,207,1011,27,209,60,44150,208],"class_list":{"0":"post-327867","1":"post","2":"type-post","3":"status-publish","4":"format-standard","5":"has-post-thumbnail","7":"category-cyclisme","8":"tag-cycling","9":"tag-cyclisme","10":"tag-fr","11":"tag-france","12":"tag-route","13":"tag-sports","14":"tag-tour-de-l","15":"tag-velo"},"share_on_mastodon":{"url":"https:\/\/pubeurope.com\/@fr\/115051738190827642","error":""},"_links":{"self":[{"href":"https:\/\/www.europesays.com\/fr\/wp-json\/wp\/v2\/posts\/327867","targetHints":{"allow":["GET"]}}],"collection":[{"href":"https:\/\/www.europesays.com\/fr\/wp-json\/wp\/v2\/posts"}],"about":[{"href":"https:\/\/www.europesays.com\/fr\/wp-json\/wp\/v2\/types\/post"}],"author":[{"embeddable":true,"href":"https:\/\/www.europesays.com\/fr\/wp-json\/wp\/v2\/users\/2"}],"replies":[{"embeddable":true,"href":"https:\/\/www.europesays.com\/fr\/wp-json\/wp\/v2\/comments?post=327867"}],"version-history":[{"count":0,"href":"https:\/\/www.europesays.com\/fr\/wp-json\/wp\/v2\/posts\/327867\/revisions"}],"wp:featuredmedia":[{"embeddable":true,"href":"https:\/\/www.europesays.com\/fr\/wp-json\/wp\/v2\/media\/327868"}],"wp:attachment":[{"href":"https:\/\/www.europesays.com\/fr\/wp-json\/wp\/v2\/media?parent=327867"}],"wp:term":[{"taxonomy":"category","embeddable":true,"href":"https:\/\/www.europesays.com\/fr\/wp-json\/wp\/v2\/categories?post=327867"},{"taxonomy":"post_tag","embeddable":true,"href":"https:\/\/www.europesays.com\/fr\/wp-json\/wp\/v2\/tags?post=327867"}],"curies":[{"name":"wp","href":"https:\/\/api.w.org\/{rel}","templated":true}]}}