{"id":327869,"date":"2025-08-18T20:49:09","date_gmt":"2025-08-18T20:49:09","guid":{"rendered":"https:\/\/www.europesays.com\/fr\/327869\/"},"modified":"2025-08-18T20:49:09","modified_gmt":"2025-08-18T20:49:09","slug":"mercato-la-prochaine-folie-du-psg-devoilee-en-direct","status":"publish","type":"post","link":"https:\/\/www.europesays.com\/fr\/327869\/","title":{"rendered":"Mercato : La prochaine folie du PSG d\u00e9voil\u00e9e en direct ?"},"content":{"rendered":"<p>                    Dan Marciano<br \/>\n                        &#8211;<\/p>\n<p>R\u00e9dacteur<\/p>\n<p>Titulaire d&rsquo;un Master de droit international, je me suis rendu compte au bout de mon parcours universitaire qu&rsquo;il \u00e9tait important d&rsquo;\u00e9voluer dans un domaine que l&rsquo;on appr\u00e9cie. Du jour au lendemain, j&rsquo;ai d\u00e9cid\u00e9 de mettre fin au r\u00eave de mes parents, qui voyaient en moi un futur avocat, pour vivre de ma passion : le sport. Depuis, je couvre les mercatos et l&rsquo;actualit\u00e9 sportive en essayant d&rsquo;informer au mieux les lecteurs.<\/p>\n<p class=\"heading\">Alors que le Paris Saint-Germain a d\u00e9j\u00e0 frapp\u00e9 fort sur le march\u00e9 des transferts avec plusieurs renforts cibl\u00e9s, Walid Acherchour estime que le club de la capitale ne doit pas s\u2019arr\u00eater l\u00e0. \u00c0 quelques semaines de la cl\u00f4ture du mercato, le consultant de RMC a gliss\u00e9 un nom qui, selon lui, ferait beaucoup de bien \u00e0 l\u2019effectif de Luis Enrique.<\/p>\n<p>Le <a href=\"https:\/\/le10sport.com\/football\/ligue1\/psg\/zaireemery-psg-le-coup-de-pression-en-direct-754366\" rel=\"nofollow noopener\" target=\"_blank\">PSG<\/a> a d\u00e9j\u00e0 bien avanc\u00e9 dans son mercato. L\u2019arriv\u00e9e d<strong>\u2019Illia Zabarny<\/strong>i pour renforcer la d\u00e9fense centrale, celle du jeune gardien <strong>Renato Marin,<\/strong> et le recrutement de<strong> Lucas Chevalier<\/strong> en provenance du <strong>LOSC<\/strong> montrent que <a href=\"https:\/\/le10sport.com\/football\/mercato\/luis-enrique-revele-larme-secrete-du-psg-qui-va-degouter-tout-le-monde-754698\" rel=\"nofollow noopener\" target=\"_blank\">Luis Enrique<\/a> a \u00e9t\u00e9 \u00e9cout\u00e9 sur plusieurs besoins. Mais malgr\u00e9 ces signatures, des interrogations demeurent sur la profondeur offensive du banc, notamment en cas de blessure ou de rotation. Et c\u2019est l\u00e0 que <strong>Walid Acherchour <\/strong>voit une opportunit\u00e9 \u00e0 saisir avec <strong>Maghn\u00e8s Akliouche (AS Monaco). <\/strong><\/p>\n<p>                                            Le nom d&rsquo;Akliouche \u00e9voqu\u00e9 <\/p>\n<p>Dans l\u2019\u00e9mission l&rsquo;After Foot,<strong> Walid Acherchour<\/strong> a plaid\u00e9 pour un dernier renfort offensif. Selon lui, deux profils feraient l&rsquo;affaire :<strong> Rodrigo Mora (FC Porto) <\/strong>et donc <strong>Akliouche<\/strong>. \u00ab\u00a0J&rsquo;irais sur Akliouche sur la fin de mercato. Un mec qui peut jouer milieu, devant. Ou un Rodrigo Mora de Porto. Mais il faut un profil suppl\u00e9mentaire, dans un turnover. Akliouche, au milieu avec le ballon sous les ordres de Luis Enrique, il peut jouer\u00a0\u00bb a confi\u00e9 le chroniqueur ce dimanche soir. <\/p>\n<p>                                            Akliouche a d\u00e9j\u00e0 r\u00e9pondu<\/p>\n<p>Pour le chroniqueur, le joueur de 23 ans coche plusieurs cases : polyvalent, technique, form\u00e9 en <strong>Ligue 1, <\/strong>et encore en phase de progression. Mais apr\u00e8s la rencontre face au <strong>Havre<\/strong> samedi soir (3-1),<strong> Akliouche <\/strong>a laiss\u00e9 entendre qu&rsquo;il pourrait rester \u00e0 <strong>Monaco<\/strong> une saison de plus. \u00ab\u00a0Je suis content, c\u2019est la continuit\u00e9 de ma pr\u00e9paration. J\u2019ai l\u2019objectif d\u2019\u00eatre d\u00e9cisif pour l\u2019\u00e9quipe, tant mieux si c\u2019est en marquant. (&#8230;) Avec la volont\u00e9 de le faire toute la saison ici ? Oui, bien s\u00fbr, je suis l\u00e0 \u00e0 Monaco (sourire). Premier match, et je suis l\u00e0, voil\u00e0\u00a0\u00bb a confi\u00e9 le joueur, valoris\u00e9 70M\u20ac par son club.<\/p>\n","protected":false},"excerpt":{"rendered":"Dan Marciano &#8211; R\u00e9dacteur Titulaire d&rsquo;un Master de droit international, je me suis rendu compte au bout de&hellip;\n","protected":false},"author":2,"featured_media":327870,"comment_status":"","ping_status":"","sticky":false,"template":"","format":"standard","meta":{"footnotes":""},"categories":[1410],"tags":[63,1011,27,60],"class_list":{"0":"post-327869","1":"post","2":"type-post","3":"status-publish","4":"format-standard","5":"has-post-thumbnail","7":"category-football","8":"tag-football","9":"tag-fr","10":"tag-france","11":"tag-sports"},"share_on_mastodon":{"url":"https:\/\/pubeurope.com\/@fr\/115051742088989762","error":""},"_links":{"self":[{"href":"https:\/\/www.europesays.com\/fr\/wp-json\/wp\/v2\/posts\/327869","targetHints":{"allow":["GET"]}}],"collection":[{"href":"https:\/\/www.europesays.com\/fr\/wp-json\/wp\/v2\/posts"}],"about":[{"href":"https:\/\/www.europesays.com\/fr\/wp-json\/wp\/v2\/types\/post"}],"author":[{"embeddable":true,"href":"https:\/\/www.europesays.com\/fr\/wp-json\/wp\/v2\/users\/2"}],"replies":[{"embeddable":true,"href":"https:\/\/www.europesays.com\/fr\/wp-json\/wp\/v2\/comments?post=327869"}],"version-history":[{"count":0,"href":"https:\/\/www.europesays.com\/fr\/wp-json\/wp\/v2\/posts\/327869\/revisions"}],"wp:featuredmedia":[{"embeddable":true,"href":"https:\/\/www.europesays.com\/fr\/wp-json\/wp\/v2\/media\/327870"}],"wp:attachment":[{"href":"https:\/\/www.europesays.com\/fr\/wp-json\/wp\/v2\/media?parent=327869"}],"wp:term":[{"taxonomy":"category","embeddable":true,"href":"https:\/\/www.europesays.com\/fr\/wp-json\/wp\/v2\/categories?post=327869"},{"taxonomy":"post_tag","embeddable":true,"href":"https:\/\/www.europesays.com\/fr\/wp-json\/wp\/v2\/tags?post=327869"}],"curies":[{"name":"wp","href":"https:\/\/api.w.org\/{rel}","templated":true}]}}