{"id":327871,"date":"2025-08-18T20:50:14","date_gmt":"2025-08-18T20:50:14","guid":{"rendered":"https:\/\/www.europesays.com\/fr\/327871\/"},"modified":"2025-08-18T20:50:14","modified_gmt":"2025-08-18T20:50:14","slug":"tibo-inshape-loue-la-forme-de-macron-et-se-heurte-a-des-critiques-virulentes","status":"publish","type":"post","link":"https:\/\/www.europesays.com\/fr\/327871\/","title":{"rendered":"Tibo InShape loue la forme de Macron et se heurte \u00e0 des critiques virulentes"},"content":{"rendered":"<p>Publi\u00e918. ao\u00fbt 2025, 19:43<\/p>\n<p>France: Tibo InShape complimente Macron et se fait d\u00e9zinguer<\/p>\n<p>Admirant la forme d&rsquo;Emmanuel Macron dans un post X, Tibo InShape s&rsquo;est attir\u00e9 les foudres des internautes. Anonymes, journaliste et politiques ont r\u00e9agi.<\/p>\n<p><img decoding=\"async\" alt=\"Angelica Zermatten\" src=\"https:\/\/www.europesays.com\/fr\/wp-content\/uploads\/2025\/08\/9139d5c4-ad09-4525-9fbd-99c90d3785ac.jpeg\" class=\"sc-b1f21c84-1 juVSAe\"\/><img loading=\"lazy\" decoding=\"async\" src=\"https:\/\/www.europesays.com\/fr\/wp-content\/uploads\/2025\/08\/5e787ac6-bbd2-4c5b-b32f-381a8f0a0a4c.jpg\" alt=\"Tibo InShape n'a pas r\u00e9agi \u00e0 la pol\u00e9mique.\" title=\"Tibo InShape n'a pas r\u00e9agi \u00e0 la pol\u00e9mique.\"  width=\"1082\" height=\"1200\"\/><\/p>\n<p>Tibo InShape n&rsquo;a pas r\u00e9agi \u00e0 la pol\u00e9mique.<\/p>\n<p>IMAGO\/ABACAPRESS<\/p>\n<p>C&rsquo;est une vague de critiques et d&rsquo;accusations que s&rsquo;est prise Tibo InShape apr\u00e8s un post sur X. \u00abPour son \u00e2ge et son m\u00e9tier, la shape (NDLR: la forme) de Macron est pas mal du tout\u00bb, a \u00e9crit samedi 16 ao\u00fbt 2025 le premier youtubeur de France. Une photo du pr\u00e9sident fran\u00e7ais torse nu, lors de ses vacances, accompagne les dires du vid\u00e9aste de 33 ans.<\/p>\n<p>La publication de Thibaud Delapart, de son vrai nom, a d\u00e9cha\u00een\u00e9 les r\u00e9actions. \u00abT&rsquo;as pris combien pour ce post\u00bb, a demand\u00e9 un internaute. Ils sont d&rsquo;ailleurs tr\u00e8s nombreux \u00e0 dire qu&rsquo;il s&rsquo;agit d&rsquo;une publication subventionn\u00e9e.<\/p>\n<p>Plusieurs autres personnes d\u00e9noncent le c\u00f4t\u00e9 \u00absuceur\u00bb du youtubeur. \u00abPour ceux qui ne s&rsquo;\u00e9taient pas encore d\u00e9sabonn\u00e9s de sa cha\u00eene YouTube! Il doit repasser loin derri\u00e8re, pour apprendre que l\u00e9cher le cul d&rsquo;un roi ill\u00e9gitime n&rsquo;est pas une bonne pratique\u00bb, peut-on notamment lire. \u00abVois-tu seulement ce qu\u2019il a fait \u00e0 la France d\u2019en bas, \u00e0 celle qui souffre de ne plus pouvoir payer ses factures? Quand on n&rsquo;a que des muscles \u00e0 la place d\u2019un cerveau, on s\u2019abstient de faire ce genre de commentaire\u00bb, a l\u00e2ch\u00e9 la journaliste Myriam Palomba.<\/p>\n<p>Des politiciens de gauche et de droite se sont \u00e9galement insurg\u00e9s de son commentaire. \u00abAu regard de son bilan \u00e9pouvantable, votre cirage de pompe est absurde et ind\u00e9cent\u00bb, a par exemple r\u00e9agi le d\u00e9put\u00e9 RN Julien Odoul. Pour le moment, Tibo InShape n&rsquo;a pas r\u00e9agi \u00e0 la pol\u00e9mique.<\/p>\n<p>Tu nous suis d\u00e9j\u00e0 sur WhatsApp?<\/p>\n<p>Abonne-toi \u00e0 notre cha\u00eene, active la petite \ud83d\udd14 et tu recevras un <strong>r\u00e9cap de l&rsquo;actu<\/strong> chaque jour en <strong>d\u00e9but de soir\u00e9e<\/strong>.<\/p>\n","protected":false},"excerpt":{"rendered":"Publi\u00e918. ao\u00fbt 2025, 19:43 France: Tibo InShape complimente Macron et se fait d\u00e9zinguer Admirant la forme d&rsquo;Emmanuel Macron&hellip;\n","protected":false},"author":2,"featured_media":327872,"comment_status":"","ping_status":"","sticky":false,"template":"","format":"standard","meta":{"footnotes":""},"categories":[1359],"tags":[58,59,1011,27,973],"class_list":{"0":"post-327871","1":"post","2":"type-post","3":"status-publish","4":"format-standard","5":"has-post-thumbnail","7":"category-people","8":"tag-divertissement","9":"tag-entertainment","10":"tag-fr","11":"tag-france","12":"tag-people"},"share_on_mastodon":{"url":"https:\/\/pubeurope.com\/@fr\/115051746143566442","error":""},"_links":{"self":[{"href":"https:\/\/www.europesays.com\/fr\/wp-json\/wp\/v2\/posts\/327871","targetHints":{"allow":["GET"]}}],"collection":[{"href":"https:\/\/www.europesays.com\/fr\/wp-json\/wp\/v2\/posts"}],"about":[{"href":"https:\/\/www.europesays.com\/fr\/wp-json\/wp\/v2\/types\/post"}],"author":[{"embeddable":true,"href":"https:\/\/www.europesays.com\/fr\/wp-json\/wp\/v2\/users\/2"}],"replies":[{"embeddable":true,"href":"https:\/\/www.europesays.com\/fr\/wp-json\/wp\/v2\/comments?post=327871"}],"version-history":[{"count":0,"href":"https:\/\/www.europesays.com\/fr\/wp-json\/wp\/v2\/posts\/327871\/revisions"}],"wp:featuredmedia":[{"embeddable":true,"href":"https:\/\/www.europesays.com\/fr\/wp-json\/wp\/v2\/media\/327872"}],"wp:attachment":[{"href":"https:\/\/www.europesays.com\/fr\/wp-json\/wp\/v2\/media?parent=327871"}],"wp:term":[{"taxonomy":"category","embeddable":true,"href":"https:\/\/www.europesays.com\/fr\/wp-json\/wp\/v2\/categories?post=327871"},{"taxonomy":"post_tag","embeddable":true,"href":"https:\/\/www.europesays.com\/fr\/wp-json\/wp\/v2\/tags?post=327871"}],"curies":[{"name":"wp","href":"https:\/\/api.w.org\/{rel}","templated":true}]}}