{"id":327873,"date":"2025-08-18T20:51:11","date_gmt":"2025-08-18T20:51:11","guid":{"rendered":"https:\/\/www.europesays.com\/fr\/327873\/"},"modified":"2025-08-18T20:51:11","modified_gmt":"2025-08-18T20:51:11","slug":"prisonnier-dans-le-haricot-geant-danish-kapoor-de-folles-accusations","status":"publish","type":"post","link":"https:\/\/www.europesays.com\/fr\/327873\/","title":{"rendered":"Prisonnier dans le haricot g\u00e9ant d&rsquo;Anish Kapoor : de folles accusations"},"content":{"rendered":"<p class=\"editor-content__paragraph\">Canular savoureux, performance artistique ou complotisme gratin\u00e9\u00a0? Cet \u00e9t\u00e9, une rumeur kafka\u00efenne agite la ville de Chicago. Apparu le 28\u00a0juillet sur Instagram, un collectif baptis\u00e9 <a href=\"https:\/\/www.instagram.com\/maninbean\/\" target=\"_blank\" rel=\"noopener\">Man in Bean<\/a> r\u00e9clame \u00e0 cor et \u00e0 cris la lib\u00e9ration d\u2019un homme qu\u2019elle pr\u00e9tend <strong>pi\u00e9g\u00e9 depuis 21\u00a0ans \u00e0 l\u2019int\u00e9rieur de Cloud Gate<\/strong> \u2013 une sculpture du c\u00e9l\u00e8bre artiste britannique d\u2019origine indienne Anish Kapoor (n\u00e9 en 1954), install\u00e9e entre 2004\u00a0et 2006\u00a0dans le <strong style=\"font-size: 1.125rem;\">Millennium Park \u00e0 Chicago <\/strong>et surnomm\u00e9e <strong style=\"font-size: 1.125rem;\">\u00ab\u00a0The Bean\u00a0\u00bb <\/strong>(\u00ab\u00a0Le Haricot\u00a0\u00bb en fran\u00e7ais) en raison de sa forme caract\u00e9ristique.<\/p>\n<p class=\"editor-content__paragraph\">Lourde de 110\u00a0tonnes, cette <strong>sculpture monumentale<\/strong> de 20\u00a0m\u00e8tres de long et 10\u00a0de haut \u2013 dont la surface argent\u00e9e et bomb\u00e9e (faite de plaques d\u2019acier inoxydable poli soud\u00e9es entre elles) refl\u00e8te le ciel et la ville comme un miroir \u2013 est depuis 20\u00a0ans l\u2019une des attractions phares de Chicago. Le 31\u00a0juillet dernier, <strong>le collectif Man in Bean a manifest\u00e9 devant l\u2019\u0153uvre<\/strong>, muni d\u2019un m\u00e9gaphone, de tracts et de pancartes <strong>exigeant l\u2019extraction imm\u00e9diate du prisonnier<\/strong>.<\/p>\n<p class=\"editor-content__paragraph\">La page Instagram du groupe, suivie par plus de 36\u00a0000\u00a0personnes, ressemble \u00e0 une <strong>performance surr\u00e9aliste<\/strong>. \u00ab\u00a0IL EST ICI\u00a0\u00bb, indique la l\u00e9gende de leur premi\u00e8re publication \u2013 un pictogramme sur fond rose repr\u00e9sentant un homme \u00e0 l\u2019int\u00e9rieur d\u2019un haricot. Portant des v\u00eatements noirs et des lunettes de soleil, <strong>les six jeunes membres de ce \u00ab\u00a0collectif non-violent\u00a0\u00bb<\/strong> affichent des visages impassibles sur des photographies frontales en noir et blanc.<\/p>\n<p>\u00ab\u00a0Nous demandons la lib\u00e9ration imm\u00e9diate de l\u2019homme pi\u00e9g\u00e9 \u00e0 l\u2019int\u00e9rieur du Haricot\u00a0\u00bb<\/p>\n<p class=\"editor-content__paragraph\">Sans apporter de preuves, le groupe avance de<strong> graves accusations<\/strong>. \u00ab\u00a0En 2004, Anish Kapoor, l\u2019architecte du Bean, a vol\u00e9 un b\u00e9b\u00e9 et l\u2019a plac\u00e9 \u00e0 l\u2019int\u00e9rieur. Nous demandons la lib\u00e9ration imm\u00e9diate de l\u2019homme pi\u00e9g\u00e9 \u00e0 l\u2019int\u00e9rieur du Haricot depuis 20\u00a0ans\u00a0\u00bb, affirme-t-il. L\u2019individu en question <strong>vivrait \u00ab\u00a0dans un isolement total\u00a0\u00bb<\/strong> derri\u00e8re un miroir sans tain, avec \u00ab\u00a0des bouches d\u2019a\u00e9ration et d\u2019alimentation qui lui permettent de vivre <strong>une vie mis\u00e9rable \u00e0 l\u2019int\u00e9rieur de la structure chrom\u00e9e\u00a0\u00bb<\/strong>. \u00ab\u00a0Lorsque le soleil frappe le Bean de la bonne mani\u00e8re, on peut <strong>voir la silhouette floue de l\u2019homme\u00a0\u00bb<\/strong>, ajoutent-il.<\/p>\n<blockquote class=\"editor-content__blockquote editor-content__blockquote--align-left\">\n<p>\u00ab\u00a0Il n\u2019y a rien de dr\u00f4le \u00e0 ce qu\u2019un homme soit retenu captif dans une structure m\u00e9tallique g\u00e9ante comme Cloud Gate.\u00a0\u00bb<\/p>\n<\/blockquote>\n<p class=\"editor-content__paragraph\">L\u2019affaire a pris de telles proportions que<strong> le conseil municipal de Chicago <\/strong>s\u2019est vu <strong>contraint de r\u00e9agir<\/strong>. \u00ab\u00a0Il n\u2019y a <strong>aucun homme pi\u00e9g\u00e9<\/strong> depuis 21\u00a0ans \u00e0 l\u2019int\u00e9rieur de Cloud Gate\u00a0\u00bb, tranche le conseiller municipal Brendan Reilly dans un communiqu\u00e9. \u00ab\u00a0J\u2019appr\u00e9cie autant que n\u2019importe qui les parodies amusantes, ajoute-t-il. Cependant, ce <strong>canular en ligne<\/strong> a entra\u00een\u00e9 une forte augmentation des appels \u00e0 mon bureau qui nous emp\u00eachent de faire notre travail\u00a0\u00bb.<\/p>\n<p class=\"editor-content__paragraph\">Le collectif, lui, <strong>persiste et signe<\/strong>. \u00ab\u00a0C\u2019est un fait. Nous ne sommes pas performatifs, nous ne sommes <strong>pas satiriques<\/strong> et nous ne sommes pas un m\u00e8me. Il n\u2019y a <strong>rien de dr\u00f4le<\/strong> \u00e0 ce qu\u2019un homme soit retenu captif dans une structure m\u00e9tallique g\u00e9ante comme Cloud Gate\u00a0\u00bb r\u00e9torque-t-il dans une interview accord\u00e9e \u00e0 <a href=\"https:\/\/www.timeout.com\/chicago\/news\/inside-the-man-in-bean-hoax-chicagos-latest-viral-urban-legend-080725\" target=\"_blank\" rel=\"noopener\">Time Out Chicago<\/a>.<\/p>\n<p>        \u00c0 lire aussi :<br \/>\n        <a class=\"renvoi-explicite__link\" href=\"https:\/\/www.beauxarts.com\/grand-format\/a-manhattan-anish-kapoor-termine-enfin-son-haricot-geant\/\" target=\"_blank\" rel=\"noopener\">\u00c0 Manhattan, Anish Kapoor termine enfin son haricot g\u00e9ant<\/a><\/p>\n<p>10\u00a0dollars pour un s\u00e9jour dans \u00ab\u00a0The Bean\u00a0\u00bb<\/p>\n<p class=\"editor-content__paragraph\">Si Anish Kapoor n\u2019a pas \u00e9mis de commentaire, d\u2019autres ont saut\u00e9 sur l\u2019occasion. Son ennemi jur\u00e9, <strong>l\u2019artiste Stuart Semple<\/strong>, qui s\u2019\u00e9tait d\u00e9j\u00e0 <a href=\"https:\/\/www.beauxarts.com\/grand-format\/ep-4-lincroyable-guerre-du-noir-le-plus-noir\/\" target=\"_blank\" rel=\"noopener\">oppos\u00e9 \u00e0 lui avec humour suite \u00e0 son achat du monopole d\u2019utilisation du Vantablack<\/a> (l\u2019ancien noir le plus noir jamais cr\u00e9\u00e9), a ainsi r\u00e9agi en cr\u00e9ant <strong>un site web baptis\u00e9 \u00ab\u00a0<a href=\"http:\/\/www.airbandbean.com\" target=\"_blank\" rel=\"noopener\">AirB&amp;Bean<\/a>\u00a0\u00bb<\/strong>\u00a0: une fausse annonce inspir\u00e9e de la plateforme Airbnb permettant de <strong>payer dix dollars contre un \u00ab\u00a0s\u00e9jour\u00a0\u00bb dans le haricot<\/strong> en compagnie du fameux h\u00f4te \u2013 l\u2019acheteur se voit alors remettre une cl\u00e9 du haricot sign\u00e9e et num\u00e9rot\u00e9e, ainsi que des jelly beans (bonbons en gel\u00e9e en forme de haricots). Plus insolite encore, <strong> une cha\u00eene de pizzerias locale<\/strong>, Lou Malnati\u2019s, a publi\u00e9 une d\u00e9claration affirmant<strong> avoir livr\u00e9 de nombreuses fois des repas \u00e0 ce myst\u00e9rieux occupant<\/strong>, qui serait enregistr\u00e9 chez eux en tant que \u00ab\u00a0Man in the Bean please free m\u00a0\u00bb (\u00ab\u00a0Homme dans le Haricot, s\u2019ils vous pla\u00eet lib\u00e9rez-m\u00a0\u00bb.<\/p>\n<p>Un pr\u00e9c\u00e9dent canular impliquant un homme install\u00e9 dans une sculpture new-yorkaise<\/p>\n<p class=\"editor-content__paragraph\">Le collectif se serait-il inspir\u00e9 d\u2019une plaisanterie datant d\u2019il y a douze ans\u00a0? En 2013, une campagne de publicit\u00e9 virale pour une application de m\u00e9ditation, sous la forme d\u2019un faux documentaire intitul\u00e9 <strong>\u00ab\u00a0Man in a Cube\u00a0\u00bb<\/strong>, pr\u00e9tendait qu\u2019un homme de 37\u00a0ans pr\u00e9nomm\u00e9 Dave vivait volontairement<strong> \u00e0 l\u2019int\u00e9rieur de la sculpture Alamo <\/strong>(1967), dite aussi \u00ab\u00a0Astor Place Cube\u00a0\u00bb ou \u00ab\u00a0The Cube\u00a0\u00bb, de Tony Rosenthal \u2013 un cube en acier Corten install\u00e9 sur Astor Place \u00e0 Manhattan (New York). Dans la m\u00eame veine, l\u2019artiste fran\u00e7ais <strong>Abraham Poincheval<\/strong> s\u2019\u00e9tait fait enfermer pendant dix jours, en juillet 2024, <a href=\"https:\/\/www.beauxarts.com\/grand-format\/jo-de-paris-lartiste-abraham-poincheval-va-vivre-dix-jours-dans-une-bouteille\/\" target=\"_blank\" rel=\"noopener\"><strong>dans une bouteille g\u00e9ante<\/strong> en bord de Seine<\/a>. Du canular \u00e0 l\u2019art, il n\u2019y a parfois qu\u2019un pas\u00a0!<\/p>\n<p>        \u00c0 lire aussi :<br \/>\n        <a class=\"renvoi-explicite__link\" href=\"https:\/\/www.beauxarts.com\/vu\/400-toiles-du-chimpanze-congo-acquises-par-le-centre-pompidou\/\" target=\"_blank\" rel=\"noopener\">Les plus gros canulars de l&rsquo;histoire de l&rsquo;art<\/a><\/p>\n<p><script async src=\"\/\/www.instagram.com\/embed.js\"><\/script><\/p>\n","protected":false},"excerpt":{"rendered":"Canular savoureux, performance artistique ou complotisme gratin\u00e9\u00a0? Cet \u00e9t\u00e9, une rumeur kafka\u00efenne agite la ville de Chicago. Apparu&hellip;\n","protected":false},"author":2,"featured_media":327874,"comment_status":"","ping_status":"","sticky":false,"template":"","format":"standard","meta":{"footnotes":""},"categories":[1358],"tags":[16491,1396,1348,1384,1385,46476,1386,58,59,1011,27,3899],"class_list":{"0":"post-327873","1":"post","2":"type-post","3":"status-publish","4":"format-standard","5":"has-post-thumbnail","7":"category-arts-et-design","8":"tag-anish-kapoor","9":"tag-art-contemporain","10":"tag-arts","11":"tag-arts-and-design","12":"tag-arts-et-design","13":"tag-canular","14":"tag-design","15":"tag-divertissement","16":"tag-entertainment","17":"tag-fr","18":"tag-france","19":"tag-sculpture"},"share_on_mastodon":{"url":"https:\/\/pubeurope.com\/@fr\/115051749893210250","error":""},"_links":{"self":[{"href":"https:\/\/www.europesays.com\/fr\/wp-json\/wp\/v2\/posts\/327873","targetHints":{"allow":["GET"]}}],"collection":[{"href":"https:\/\/www.europesays.com\/fr\/wp-json\/wp\/v2\/posts"}],"about":[{"href":"https:\/\/www.europesays.com\/fr\/wp-json\/wp\/v2\/types\/post"}],"author":[{"embeddable":true,"href":"https:\/\/www.europesays.com\/fr\/wp-json\/wp\/v2\/users\/2"}],"replies":[{"embeddable":true,"href":"https:\/\/www.europesays.com\/fr\/wp-json\/wp\/v2\/comments?post=327873"}],"version-history":[{"count":0,"href":"https:\/\/www.europesays.com\/fr\/wp-json\/wp\/v2\/posts\/327873\/revisions"}],"wp:featuredmedia":[{"embeddable":true,"href":"https:\/\/www.europesays.com\/fr\/wp-json\/wp\/v2\/media\/327874"}],"wp:attachment":[{"href":"https:\/\/www.europesays.com\/fr\/wp-json\/wp\/v2\/media?parent=327873"}],"wp:term":[{"taxonomy":"category","embeddable":true,"href":"https:\/\/www.europesays.com\/fr\/wp-json\/wp\/v2\/categories?post=327873"},{"taxonomy":"post_tag","embeddable":true,"href":"https:\/\/www.europesays.com\/fr\/wp-json\/wp\/v2\/tags?post=327873"}],"curies":[{"name":"wp","href":"https:\/\/api.w.org\/{rel}","templated":true}]}}