{"id":327875,"date":"2025-08-18T20:52:10","date_gmt":"2025-08-18T20:52:10","guid":{"rendered":"https:\/\/www.europesays.com\/fr\/327875\/"},"modified":"2025-08-18T20:52:10","modified_gmt":"2025-08-18T20:52:10","slug":"alix-baixas-en-dedicace-au-barcares","status":"publish","type":"post","link":"https:\/\/www.europesays.com\/fr\/327875\/","title":{"rendered":"Alix Baixas en d\u00e9dicace au Barcar\u00e8s"},"content":{"rendered":"<p>Perpignanaise d\u2019origine, vivant \u00e0 Paris depuis quelques ann\u00e9es, Alix Baixas auteure d\u2019un premier roman intitul\u00e9 : J\u2019irai mourir en f\u00e9vrier au fond du jardin, annonce la sortie de son 2e roman sur le th\u00e8me du f\u00e9minicide et des violences conjugales, trait\u00e9 sous le prisme de la fiction et sous la forme du roman.<\/p>\n<p>Elle sera<b> mercredi 20 ao\u00fbt <\/b>de 10 h \u00e0 12 h, \u00e0 la m\u00e9diath\u00e8que Saint-Exup\u00e9ry pour une rencontre et s\u00e9ance d\u00e9dicace avec le public, afin de pr\u00e9senter son livre Maman est partie avec les anges, papa est parti avec les flics. Une fiction qui traite d\u2019un f\u00e9minicide dans les sph\u00e8res feutr\u00e9es de l\u2019aristocratie.<\/p>\n<p>T\u00e9l. 04 68 56 63 30. <a href=\"http:\/\/www.lebarcares.fr\" target=\"_blank\" rel=\"nofollow noopener\">www.lebarcares.fr<\/a><\/p>\n","protected":false},"excerpt":{"rendered":"Perpignanaise d\u2019origine, vivant \u00e0 Paris depuis quelques ann\u00e9es, Alix Baixas auteure d\u2019un premier roman intitul\u00e9 : J\u2019irai mourir&hellip;\n","protected":false},"author":2,"featured_media":327876,"comment_status":"","ping_status":"","sticky":false,"template":"","format":"standard","meta":{"footnotes":""},"categories":[1357],"tags":[1379,58,59,1011,27,1380],"class_list":{"0":"post-327875","1":"post","2":"type-post","3":"status-publish","4":"format-standard","5":"has-post-thumbnail","7":"category-livres","8":"tag-books","9":"tag-divertissement","10":"tag-entertainment","11":"tag-fr","12":"tag-france","13":"tag-livres"},"share_on_mastodon":{"url":"https:\/\/pubeurope.com\/@fr\/115051754001778199","error":""},"_links":{"self":[{"href":"https:\/\/www.europesays.com\/fr\/wp-json\/wp\/v2\/posts\/327875","targetHints":{"allow":["GET"]}}],"collection":[{"href":"https:\/\/www.europesays.com\/fr\/wp-json\/wp\/v2\/posts"}],"about":[{"href":"https:\/\/www.europesays.com\/fr\/wp-json\/wp\/v2\/types\/post"}],"author":[{"embeddable":true,"href":"https:\/\/www.europesays.com\/fr\/wp-json\/wp\/v2\/users\/2"}],"replies":[{"embeddable":true,"href":"https:\/\/www.europesays.com\/fr\/wp-json\/wp\/v2\/comments?post=327875"}],"version-history":[{"count":0,"href":"https:\/\/www.europesays.com\/fr\/wp-json\/wp\/v2\/posts\/327875\/revisions"}],"wp:featuredmedia":[{"embeddable":true,"href":"https:\/\/www.europesays.com\/fr\/wp-json\/wp\/v2\/media\/327876"}],"wp:attachment":[{"href":"https:\/\/www.europesays.com\/fr\/wp-json\/wp\/v2\/media?parent=327875"}],"wp:term":[{"taxonomy":"category","embeddable":true,"href":"https:\/\/www.europesays.com\/fr\/wp-json\/wp\/v2\/categories?post=327875"},{"taxonomy":"post_tag","embeddable":true,"href":"https:\/\/www.europesays.com\/fr\/wp-json\/wp\/v2\/tags?post=327875"}],"curies":[{"name":"wp","href":"https:\/\/api.w.org\/{rel}","templated":true}]}}