{"id":327877,"date":"2025-08-18T20:53:26","date_gmt":"2025-08-18T20:53:26","guid":{"rendered":"https:\/\/www.europesays.com\/fr\/327877\/"},"modified":"2025-08-18T20:53:26","modified_gmt":"2025-08-18T20:53:26","slug":"il-faut-demander-aux-directeurs-de-chaines-de-retour-dans-camping-paradis-veronique-jannot-sinterroge-sur-sa-faible-presence-a-la-television","status":"publish","type":"post","link":"https:\/\/www.europesays.com\/fr\/327877\/","title":{"rendered":"\u00ab\u00a0Il faut demander aux directeurs de cha\u00eenes\u00a0\u00bb : De retour dans \u00ab\u00a0Camping Paradis\u00a0\u00bb, V\u00e9ronique Jannot s&rsquo;interroge sur sa faible pr\u00e9sence \u00e0 la t\u00e9l\u00e9vision"},"content":{"rendered":"<p>            <img loading=\"lazy\" decoding=\"async\" src=\"https:\/\/www.europesays.com\/fr\/wp-content\/uploads\/2025\/04\/89-665d8e735540a-35x35-1.jpg\" class=\"author-article-picture\" width=\"35\" height=\"35\"\/><\/p>\n<p>                Par<br \/>\n                                    <a class=\"author-article-bio-link\" href=\"https:\/\/www.ozap.com\/auteur\/lea-stassinet_a89\" rel=\"nofollow noopener\" target=\"_blank\">L\u00e9a Stassinet<\/a><br \/>\n                                                    | Journaliste<\/p>\n<p>\n                Venue du royaume d'\u00a0\u00bbIntervilles\u00a0\u00bb (Mont-de-Marsan), L\u00e9a Stassinet a \u00e9t\u00e9 berc\u00e9e par la \u00ab\u00a0Nouvelle Star\u00a0\u00bb. Elle ne rate jamais les C\u00e9sar ni l\u2019Eurovision, synonymes de soir\u00e9e pronostics entre amis. Passionn\u00e9e de tennis et de politique, elle suit toutes les soir\u00e9es \u00e9lectorales, sauf pendant Roland-Garros.\n            <\/p>\n<p>\n    La com\u00e9dienne, \u00e0 l&rsquo;affiche de l&rsquo;\u00e9pisode in\u00e9dit de \u00ab\u00a0Camping paradis\u00a0\u00bb ce lundi 18 ao\u00fbt sur TF1, est revenue sur ses rares apparitions \u00e0 la t\u00e9l\u00e9vision.\n<\/p>\n<p>                            <img loading=\"lazy\" decoding=\"async\" class=\"player-thumbnail\" src=\"https:\/\/www.europesays.com\/fr\/wp-content\/uploads\/2025\/08\/55e649827ce961b9-580x326-1.jpg\" width=\"580\" height=\"326\"\/><\/p>\n<p>                    La bande-annonce de l&rsquo;\u00e9pisode in\u00e9dit de \u00ab\u00a0Camping paradis\u00a0\u00bb diffus\u00e9 ce lundi 18 ao\u00fbt 2025 sur TF1 \u00a9 \u00a9 FRAN\u00c7OIS LEFEBVRE \/ JLA \/ TF1<\/p>\n<p>La suite apr\u00e8s la publicit\u00e9<\/p>\n<p>V\u00e9ritable star du petit \u00e9cran dans les ann\u00e9es 1980 gr\u00e2ce \u00e0 la s\u00e9rie \u00ab\u00a0Pause caf\u00e9\u00a0\u00bb diffus\u00e9e sur TF1, V\u00e9ronique Jannot a marqu\u00e9 les t\u00e9l\u00e9spectateurs et a construit sa carri\u00e8re en touchant \u00e0 tout : t\u00e9l\u00e9vision donc, cin\u00e9ma, th\u00e9\u00e2tre mais aussi chanson. Mais apr\u00e8s une participation \u00e0 \u00ab\u00a0<a href=\"https:\/\/www.ozap.com\/actu\/audiences-quel-bilan-pour-danse-avec-les-stars-2025-saison-14-du-divertissement-de-tf1\/649683\" rel=\"nofollow noopener\" target=\"_blank\">Danse avec les stars<\/a>\u00a0\u00bb en 2011, l&rsquo;artiste s&rsquo;est fait plus discr\u00e8te sur les plateaux de t\u00e9l\u00e9vision. Le public aura plaisir \u00e0 la revoir ce lundi 18 ao\u00fbt, puisqu&rsquo;elle appara\u00eet en guest dans l&rsquo;\u00e9pisode in\u00e9dit de <a href=\"https:\/\/www.ozap.com\/actu\/elle-netait-pas-heureuse-professionnellement-pourquoi-juliette-chene-quitte-camping-paradis-la-serie-avec-laurent-ournac-sur-tf1\/650611\" rel=\"nofollow noopener\" target=\"_blank\">\u00ab\u00a0Camping paradis\u00a0\u00bb<\/a> intitul\u00e9 \u00ab\u00a0Grains de sable au Paradis\u00a0\u00bb, diffus\u00e9 sur TF1 \u00e0 partir de 21h10.<\/p>\n<p>V\u00e9ronique Jannot \u00ab\u00a0tr\u00e8s d\u00e9\u00e7ue\u00a0\u00bb de l&rsquo;arr\u00eat de deux s\u00e9ries sur TF1<\/p>\n<p>Ce n&rsquo;est pas la premi\u00e8re fois que V\u00e9ronique Jannot participe \u00e0 la s\u00e9rie port\u00e9e par Laurent Ournac. Elle avait jou\u00e9 la m\u00e8re de C\u00e9cilia Cara dans un \u00e9pisode tourn\u00e9 en 2016, \u00ab\u00a0un tr\u00e8s bon souvenir\u00a0\u00bb, comme elle l&rsquo;a confi\u00e9 \u00e0 nos confr\u00e8res de \u00ab\u00a0T\u00e9l\u00e9 7 jours\u00a0\u00bb. Dans ce nouvel \u00e9pisode, V\u00e9ronique Jannot incarne Madeleine, une retrait\u00e9e, veuve, qui vient trouver un peu de chaleur et de convivialit\u00e9 au Camping Paradis. Et elle donne notamment la r\u00e9plique \u00e0 Celia Diane, qui interpr\u00e8te Gloria Malaval dans la s\u00e9rie quotidienne de TF1 \u00ab\u00a0Demain nous appartient\u00a0\u00bb, dans laquelle l&rsquo;actrice de 68 ans intervient \u00e9pisodiquement depuis 2019.<\/p>\n<p>Mis \u00e0 part ces r\u00f4les, sa derni\u00e8re apparition t\u00e9l\u00e9vis\u00e9e remonte \u00e0 2023 et un passage furtif dans un prime de \u00ab\u00a0Sc\u00e8nes de m\u00e9nages\u00a0\u00bb sur M6. Pourquoi la voit-on si peu sur le petit \u00e9cran ? \u00ab\u00a0Je ne sais pas. Il faut demander aux directeurs de cha\u00eenes\u00a0\u00bb, a-t-elle r\u00e9pondu dans les colonnes de \u00ab\u00a0T\u00e9l\u00e9 7 jours\u00a0\u00bb, avant d&rsquo;\u00e9voquer deux exp\u00e9riences qui l&rsquo;avaient laiss\u00e9e sur sa fin. \u00ab\u00a0J&rsquo;avais incarn\u00e9 deux s\u00e9ries, &lsquo;Madame le Consul&rsquo; (1995-2001) et &lsquo;Docteur Claire Bellac&rsquo; (2001-2003), pour TF1, et j\u2019ai \u00e9t\u00e9 tr\u00e8s d\u00e9\u00e7ue lorsqu&rsquo;elles se sont arr\u00eat\u00e9es. Il y avait tant de choses \u00e0 raconter avec ses personnages !\u00a0\u00bb, a regrett\u00e9 celle qui sera sur les planches partout en France \u00e0 l&rsquo;automne prochain dans la pi\u00e8ce \u00ab\u00a0Un atelier pour deux\u00a0\u00bb, avec Jean-Luc Moreau. Un appel du pied entendu par les patrons de cha\u00eenes ? Elle a en tout cas deux projets t\u00e9l\u00e9 pour les mois \u00e0 venir : un tournage pour la s\u00e9rie \u00ab\u00a0Alter Ego\u00a0\u00bb avec \u00c9ric Cantona sur TF1 d\u00e8s septembre, puis un documentaire pour France 3 au cours duquel elle suivra la transhumance des chevaux de M\u00e9rens dans les Pyr\u00e9n\u00e9es.<\/p>\n<p>        <img decoding=\"async\" class=\"thumb-img-100 thumb-img\" src=\"https:\/\/www.europesays.com\/fr\/wp-content\/uploads\/2025\/08\/f7c04ecef2fac5ad-320x180-1.png\" alt=\"V\u00e9ronique Jannot, Thomas Da Costa\u2026 Voici la liste des personnalit\u00e9s qui viendront prochainement rendre visite \u00e0 Laurent Ournac dans &quot;Camping paradis&quot; sur TF1\" width=\"320\" height=\"180\" loading=\"lazy\" role=\"presentation\"\/><\/p>\n<p>                                            V\u00e9ronique Jannot, Thomas Da Costa\u2026 Voici la liste des personnalit\u00e9s qui viendront prochainement rendre visite \u00e0 Laurent Ournac dans \u00ab\u00a0Camping paradis\u00a0\u00bb sur TF1<\/p>\n<p>        <img decoding=\"async\" class=\"thumb-img-100 thumb-img\" src=\"https:\/\/www.europesays.com\/fr\/wp-content\/uploads\/2025\/08\/c48906107676de12-320x180-1.jpg\" alt=\"Audiences : &quot;Camping paradis&quot; petit leader sur TF1, Philippe Gougler sur France 5 bat France 3 et la finale de &quot;Lego Masters&quot; sur M6\" width=\"320\" height=\"180\" loading=\"lazy\" role=\"presentation\"\/><\/p>\n<p>                                            Audiences : \u00ab\u00a0Camping paradis\u00a0\u00bb petit leader sur TF1, Philippe Gougler sur France 5 bat France 3 et la finale de \u00ab\u00a0Lego Masters\u00a0\u00bb sur M6<\/p>\n<p>        <img decoding=\"async\" class=\"thumb-img-100 thumb-img\" src=\"https:\/\/www.europesays.com\/fr\/wp-content\/uploads\/2025\/07\/84e7ae5e3fd1adc7-320x180-1.jpg\" alt=\"Audiences : Retour gagnant pour &quot;Camping paradis&quot; avec Laurent Ournac et Natasha St-Pier sur TF1, flop pour &quot;Cauchemar en cuisine&quot; sur M6, battu par France 5\" width=\"320\" height=\"180\" loading=\"lazy\" role=\"presentation\"\/><\/p>\n<p>                                            Audiences : Retour gagnant pour \u00ab\u00a0Camping paradis\u00a0\u00bb avec Laurent Ournac et Natasha St-Pier sur TF1, flop pour \u00ab\u00a0Cauchemar en cuisine\u00a0\u00bb sur M6, battu par France 5<\/p>\n","protected":false},"excerpt":{"rendered":"Par L\u00e9a Stassinet | Journaliste Venue du royaume d&rsquo;\u00a0\u00bbIntervilles\u00a0\u00bb (Mont-de-Marsan), L\u00e9a Stassinet a \u00e9t\u00e9 berc\u00e9e par la \u00ab\u00a0Nouvelle&hellip;\n","protected":false},"author":2,"featured_media":327878,"comment_status":"","ping_status":"","sticky":false,"template":"","format":"standard","meta":{"footnotes":""},"categories":[1356],"tags":[58,59,1011,27,252,1364],"class_list":{"0":"post-327877","1":"post","2":"type-post","3":"status-publish","4":"format-standard","5":"has-post-thumbnail","7":"category-television","8":"tag-divertissement","9":"tag-entertainment","10":"tag-fr","11":"tag-france","12":"tag-television","13":"tag-tv"},"share_on_mastodon":{"url":"https:\/\/pubeurope.com\/@fr\/115051757981975510","error":""},"_links":{"self":[{"href":"https:\/\/www.europesays.com\/fr\/wp-json\/wp\/v2\/posts\/327877","targetHints":{"allow":["GET"]}}],"collection":[{"href":"https:\/\/www.europesays.com\/fr\/wp-json\/wp\/v2\/posts"}],"about":[{"href":"https:\/\/www.europesays.com\/fr\/wp-json\/wp\/v2\/types\/post"}],"author":[{"embeddable":true,"href":"https:\/\/www.europesays.com\/fr\/wp-json\/wp\/v2\/users\/2"}],"replies":[{"embeddable":true,"href":"https:\/\/www.europesays.com\/fr\/wp-json\/wp\/v2\/comments?post=327877"}],"version-history":[{"count":0,"href":"https:\/\/www.europesays.com\/fr\/wp-json\/wp\/v2\/posts\/327877\/revisions"}],"wp:featuredmedia":[{"embeddable":true,"href":"https:\/\/www.europesays.com\/fr\/wp-json\/wp\/v2\/media\/327878"}],"wp:attachment":[{"href":"https:\/\/www.europesays.com\/fr\/wp-json\/wp\/v2\/media?parent=327877"}],"wp:term":[{"taxonomy":"category","embeddable":true,"href":"https:\/\/www.europesays.com\/fr\/wp-json\/wp\/v2\/categories?post=327877"},{"taxonomy":"post_tag","embeddable":true,"href":"https:\/\/www.europesays.com\/fr\/wp-json\/wp\/v2\/tags?post=327877"}],"curies":[{"name":"wp","href":"https:\/\/api.w.org\/{rel}","templated":true}]}}