{"id":327879,"date":"2025-08-18T20:54:12","date_gmt":"2025-08-18T20:54:12","guid":{"rendered":"https:\/\/www.europesays.com\/fr\/327879\/"},"modified":"2025-08-18T20:54:12","modified_gmt":"2025-08-18T20:54:12","slug":"julien-clerc-reconnait-etre-un-pietre-grand-pere","status":"publish","type":"post","link":"https:\/\/www.europesays.com\/fr\/327879\/","title":{"rendered":"Julien Clerc reconna\u00eet \u00eatre un \u00ab pi\u00e8tre grand-p\u00e8re \u00bb"},"content":{"rendered":"<p class=\"mb-4 text-lg md:leading-8 break-words\">Il l&rsquo;avoue sans en \u00eatre fier, Julien Clerc n&rsquo;a pas l&rsquo;art d&rsquo;\u00eatre grand-p\u00e8re. Et personne ne lui a offert le superbe recueil de po\u00e8mes que Victor Hugo a \u00e9crit \u00e0 ce sujet en 1877, quand il avait 75\u00a0ans.\u00a0Peut-\u00eatre\u00a0le chanteur de \u00ab\u00a0Si on chantait\u00a0\u00bb, \u00e2g\u00e9, lui, <a class=\"link \" href=\"https:\/\/www.lepoint.fr\/people\/julien-clerc-revele-le-secret-de-sa-jeunesse-eternelle-a-florent-pagny-11-06-2025-2591788_2116.php\" rel=\"nofollow noopener\" target=\"_blank\" data-ylk=\"slk:de 77\u00a0ans;elm:context_link;itc:0;sec:content-canvas\">de 77\u00a0ans<\/a>, y trouverait-il\u00a0mati\u00e8re \u00e0 inspiration pour une chanson\u2026 ou pour savoir mieux s&rsquo;y prendre avec ses deux petits-fils, Antoine, n\u00e9 en\u00a02007\u00a0de\u00a0sa fille\u00a0Jeanne, et L\u00e9on, n\u00e9 en\u00a02020\u00a0de\u00a0sa fille\u00a0Vanille.<\/p>\n<p class=\"mb-4 text-lg md:leading-8 break-words\">Car, il le reconna\u00eet volontiers, m\u00eame si avec des regrets, <a class=\"link \" href=\"https:\/\/www.lepoint.fr\/culture\/julien-clerc-vivre-sur-mon-passe-ne-me-suffit-pas-23-05-2025-2590321_3.php\" rel=\"nofollow noopener\" target=\"_blank\" data-ylk=\"slk:Julien Clerc;elm:context_link;itc:0;sec:content-canvas\">Julien Clerc<\/a>\u00a0n&rsquo;a pas d\u00e9velopp\u00e9 la fibre grand-paternelle. \u00ab\u00a0Vous savez, m\u00eame mes petits-enfants, je ne suis\u00a0pas suffisamment proche d&rsquo;eux\u00a0\u00bb, constate-t-il dans une interview donn\u00e9e\u00a0\u00e0 Audrey\u00a0Crespo-Mara\u00a0pour le portrait de la\u00a0semaine de\u00a0l&rsquo;\u00e9mission\u00a0Sept \u00e0 Huit, dimanche 17\u00a0ao\u00fbt.\u00a0Il avoue m\u00eame\u00a0: \u00ab\u00a0Je pense que je suis un pi\u00e8tre grand-p\u00e8re.\u00a0\u00bb<\/p>\n<p class=\"mb-4 text-lg md:leading-8 break-words\">Peut-\u00eatre\u00a0l&rsquo;interpr\u00e8te d&rsquo;\u00ab\u00a0Utile\u00a0\u00bb envie-t-il ses amis qui prennent plaisir \u00e0 passer du temps avec les enfants de leur prog\u00e9niture. \u00ab\u00a0Je n&rsquo;ai pas, par exemple et je m&rsquo;en excuse beaucoup\u00a0souvent, ce truc qu&rsquo;ont certains de mes copains qui\u00a0sont des\u00a0grands-papas\u00a0g\u00e2teaux\u00a0\u00bb, confie-t-il.<\/p>\n<p class=\"mb-4 text-lg md:leading-8 break-words\">Ce fils de divorc\u00e9s estime qu&rsquo;\u00eatre p\u00e8re \u00ab\u00a0est un m\u00e9tier difficile\u00a0\u00bb et qu&rsquo;\u00ab\u00a0on a des griefs contre son p\u00e8re toute sa vie\u00a0\u00bb. Or le chanteur de \u00ab\u00a0Si j&rsquo;\u00e9tais elle\u00a0\u00bb, qui a cinq enfants\u00a0pour lesquels il a toujours \u00e9t\u00e9 pr\u00e9sent, ne cache pas qu&rsquo;il n&rsquo;a pas non plus d\u00e9velopp\u00e9 un grand savoir-faire en tant que p\u00e8re complice. \u00ab\u00a0Concernant mes [&#8230;] <a href=\"https:\/\/www.lepoint.fr\/people\/julien-clerc-reconnait-etre-un-pietre-grand-pere-18-08-2025-2596531_2116.php\" rel=\"nofollow noopener\" target=\"_blank\" data-ylk=\"slk:Lire la suite;elm:context_link;itc:0;sec:content-canvas\" class=\"link \">Lire la suite<\/a><\/p>\n","protected":false},"excerpt":{"rendered":"Il l&rsquo;avoue sans en \u00eatre fier, Julien Clerc n&rsquo;a pas l&rsquo;art d&rsquo;\u00eatre grand-p\u00e8re. Et personne ne lui a&hellip;\n","protected":false},"author":2,"featured_media":327880,"comment_status":"","ping_status":"","sticky":false,"template":"","format":"standard","meta":{"footnotes":""},"categories":[1355],"tags":[58,59,1011,27,1735,46477,4006,1361,873,16369],"class_list":{"0":"post-327879","1":"post","2":"type-post","3":"status-publish","4":"format-standard","5":"has-post-thumbnail","7":"category-musique","8":"tag-divertissement","9":"tag-entertainment","10":"tag-fr","11":"tag-france","12":"tag-julien-clerc","13":"tag-lart-detre-grand-pere","14":"tag-le-chanteur","15":"tag-music","16":"tag-musique","17":"tag-victor-hugo"},"share_on_mastodon":{"url":"https:\/\/pubeurope.com\/@fr\/115051761772139134","error":""},"_links":{"self":[{"href":"https:\/\/www.europesays.com\/fr\/wp-json\/wp\/v2\/posts\/327879","targetHints":{"allow":["GET"]}}],"collection":[{"href":"https:\/\/www.europesays.com\/fr\/wp-json\/wp\/v2\/posts"}],"about":[{"href":"https:\/\/www.europesays.com\/fr\/wp-json\/wp\/v2\/types\/post"}],"author":[{"embeddable":true,"href":"https:\/\/www.europesays.com\/fr\/wp-json\/wp\/v2\/users\/2"}],"replies":[{"embeddable":true,"href":"https:\/\/www.europesays.com\/fr\/wp-json\/wp\/v2\/comments?post=327879"}],"version-history":[{"count":0,"href":"https:\/\/www.europesays.com\/fr\/wp-json\/wp\/v2\/posts\/327879\/revisions"}],"wp:featuredmedia":[{"embeddable":true,"href":"https:\/\/www.europesays.com\/fr\/wp-json\/wp\/v2\/media\/327880"}],"wp:attachment":[{"href":"https:\/\/www.europesays.com\/fr\/wp-json\/wp\/v2\/media?parent=327879"}],"wp:term":[{"taxonomy":"category","embeddable":true,"href":"https:\/\/www.europesays.com\/fr\/wp-json\/wp\/v2\/categories?post=327879"},{"taxonomy":"post_tag","embeddable":true,"href":"https:\/\/www.europesays.com\/fr\/wp-json\/wp\/v2\/tags?post=327879"}],"curies":[{"name":"wp","href":"https:\/\/api.w.org\/{rel}","templated":true}]}}