{"id":327882,"date":"2025-08-18T20:56:12","date_gmt":"2025-08-18T20:56:12","guid":{"rendered":"https:\/\/www.europesays.com\/fr\/327882\/"},"modified":"2025-08-18T20:56:12","modified_gmt":"2025-08-18T20:56:12","slug":"a-ajaccio-lhopital-prive-sud-corse-accueille-un-nouveau-chirurgien-de-lobesite","status":"publish","type":"post","link":"https:\/\/www.europesays.com\/fr\/327882\/","title":{"rendered":"\u00c0 Ajaccio, l&rsquo;h\u00f4pital priv\u00e9 Sud Corse accueille un nouveau chirurgien de l&rsquo;ob\u00e9sit\u00e9"},"content":{"rendered":"<p>A retrouver \u00e9galement<\/p>\n<p><a href=\"https:\/\/www.corsematin.com\/article\/sante\/5543025457701514\/ajaccio-lhopital-prive-sud-corse-inaugure-par-les-ministres-vautrin-et-marcangeli-un-an-apres-son-ouverture\" target=\"_blank\" rel=\"nofollow noopener\">Ajaccio\u00a0: l&rsquo;h\u00f4pital priv\u00e9 Sud-Corse inaugur\u00e9 par les ministres Vautrin et Marcangeli, un an apr\u00e8s son ouverture<\/a><\/p>\n<p>En accueillant Antonio Iannelli, un professeur r\u00e9put\u00e9 et sp\u00e9cialis\u00e9 dans la chirurgie de l&rsquo;ob\u00e9sit\u00e9, la clinique Sud-Corse d\u00e9montre sa force d&rsquo;attractivit\u00e9 &#8211; tout en t\u00e9moignant de l&rsquo;inqui\u00e9tante pr\u00e9valence de l&rsquo;ob\u00e9sit\u00e9, notamment juv\u00e9nile, sur le territoire insulaire.<\/p>\n<p>\u00ab\u00a0Une vraie pointure\u00a0\u00bb<\/p>\n<p>Antonio Iannelli, 57 ans, compte plus de vingt-cinq ann\u00e9es d&rsquo;expertise dans la chirurgie digestive. Ses engagements sont nombreux. Professeur, il est habilit\u00e9 \u00e0 diriger des recherches depuis 2011. Inscrit au conseil de l&rsquo;ordre, il coordonnait jusqu&rsquo;\u00e0 l&rsquo;an dernier les r\u00e9unions de concertation pluridisciplinaires, au CHU de Nice, portant sur la canc\u00e9rologie digestive.<\/p>\n<p>\u00ab\u00a0Il ne le dira pas par modestie, mais c&rsquo;est une vraie pointure. C&rsquo;est un performeur que je connais depuis plus de quinze ans. J&rsquo;ai une confiance totale en lui\u00a0\u00bb, t\u00e9moigne le Docteur Jean-Marc Cucchi. Celui-ci est actuellement l&rsquo;unique chirurgien, en Corse-du-Sud, \u00e0 proc\u00e9der \u00e0 des op\u00e9rations de chirurgie bariatrique.<\/p>\n<p>\u00ab\u00a0J&rsquo;ai une expertise qui reste moyenne, tandis que Pr Iannelli a une expertise beaucoup plus pouss\u00e9e, puisqu&rsquo;il fait toute la chirurgie de l&rsquo;ob\u00e9sit\u00e9. Je ne fais pas certaines techniques, que lui va pouvoir faire \u00e0 Ajaccio\u00a0\u00bb, confie Dr Cucchi.<\/p>\n<p>Bas\u00e9 \u00e0 Nice, le chirurgien napolitain n&rsquo;\u00e9tait pas un inconnu de l&rsquo;h\u00f4pital priv\u00e9 Sud-Corse. Jusqu&rsquo;alors, le Dr Cucchi transf\u00e9rait au Pr Iannelli les patients pr\u00e9sentant des \u00ab\u00a0pathologies complexes\u00a0\u00bb, qui les traitaient depuis la capitale de la Riviera.<\/p>\n<p><img alt=\"La Clinisud est l'\u00e9tablissement de r\u00e9f\u00e9rence pour la chirurgie bariatrique en Corse-du-Sud dans le cadre du projet r\u00e9gional de sant\u00e9.\" loading=\"lazy\" decoding=\"async\" data-nimg=\"fill\" class=\" TwicCore_img__i9TC1 undefined  undefined\" style=\"position:absolute;height:100%;width:100%;left:0;top:0;right:0;bottom:0;object-fit:cover;color:transparent;background-size:cover;background-position:50% 50%;background-repeat:no-repeat;background-image:url(&quot;data:image\/svg+xml;charset=utf-8,%3Csvg xmlns='http:\/\/www.w3.org\/2000\/svg' %3E%3Cfilter id='b' color-interpolation-filters='sRGB'%3E%3CfeGaussianBlur stdDeviation='20'\/%3E%3CfeColorMatrix values='1 0 0 0 0 0 1 0 0 0 0 0 1 0 0 0 0 0 100 -1' result='s'\/%3E%3CfeFlood x='0' y='0' width='100%25' height='100%25'\/%3E%3CfeComposite operator='out' in='s'\/%3E%3CfeComposite in2='SourceGraphic'\/%3E%3CfeGaussianBlur stdDeviation='20'\/%3E%3C\/filter%3E%3Cimage width='100%25' height='100%25' x='0' y='0' preserveAspectRatio='xMidYMid slice' style='filter: url(%23b);' href='data:image\/png;base64,iVBORw0KGgoAAAANSUhEUgAAArwAAAFnCAYAAABEq5oyAAAQcUlEQVR4Ae3dP3SVZZ7A8eeSBIYZE3dPqkFjqYVQKG4F56zYgescStBzoAMbaXaAhmJctQB2t9DGOLVDSpwZodQCqgEsgMLZQwG4Uu1ZCP4ZEpK79\/cy8UQWSW7uv\/f+\/HzOuedCSN73Xorw5Zfnfd7G5ORkswAAQE7NdQUAABITvAAApCZ4AQBITfACAJCa4AUAIDXBCwBAaoIXAIDUBC8AAKkJXgAAUhO8AACkJngBAEhN8AIAkJrgBQAgNcELAEBqghcAgNQELwAAqQleAABSE7wAAKQmeAEASE3wAgCQmuAFACA1wQsAQGqCFwCA1AQvAACpCV4AAFITvAAApCZ4AQBITfACAJCa4AUAIDXBCwBAaoIXAIDUBC8AAKkJXgAAUhO8AACkJngBAEhN8AIAkJrgBQAgNcELAEBqghcAgNQELwAAqQleAABSE7wAAKQmeAEASE3wAgCQmuAFACA1wQsAQGqCFwCA1AQvAACpCV4AAFITvAAApCZ4AQBITfACAJCa4AUAIDXBCwBAaoIXAIDUBC8AAKkJXgAAUhO8AACkJngBAEhN8AIAkJrgBQAgNcELAEBqghcAgNQELwAAqQleAABSE7wAAKQmeAEASE3wAgCQmuAFACA1wQsAQGqCFwCA1AQvAACpCV4AAFITvAAApCZ4AQBITfACAJCa4AUAIDXBCwBAaoIXAIDUBC8AAKkJXgAAUhO8AACkJngBAEhN8AIAkJrgBQAgNcELAEBqghcAgNQELwAAqQleAABSE7wAAKQmeAEASE3wAgCQmuAFACA1wQsAQGqCFwCA1AQvAACpCV4AAFITvAAApCZ4AQBITfACAJCa4AUAIDXBCwBAaoIXAIDUBC8AAKkJXgAAUhO8AACkJngBAEhN8AIAkJrgBQAgNcELAEBqghcAgNQELwAAqQleAABSE7wAAKQmeAEASE3wAgCQmuAFACA1wQsAQGqCFwCA1AQvAACpCV4AAFITvAAApCZ4AQBITfACAJCa4AUAIDXBCwBAaoIXAIDUBC8AAKkJXgAAUhO8AACkJngBAEhN8AIAkJrgBQAgNcELAEBqghcAgNQELwAAqQleAABSGy0APzONRuORH282mwWAfAQvkNJS1E5MTJRnnnmmbNmypfp1PKamph75NTdv3iyzs7PV840bN8qVK1eqjwthgOEmeIE0InIjZnft2lWef\/75sn379p+M29W4c+dOFb1nz54tZ86cqUJY\/AIMn8bk5KTv3sDQisjdvHlz2blzZ9m7d29HgbuS8+fPl5mZmeohfAGGRlPwAkMpQjcmuQcOHCjbtm1b8fNv375dTWtjqUKIJQ7xWIs4zr59+344FgC1JniB4RKhu2fPnnL48OFqbe5KInSnp6erR6zPXe69994rBw8eLGsRyx12795dLl++XACoNcELDIcI3ZjkRuiuZqIbrl+\/XkVprL19lFj+8MUXX5S1Er0AQ0HwAvX35JNPliNHjrQ9jX3hhRd+MnaXXLt2rTr+WsWyhh07dlTxC0AtNd14Aqi1WLZw+vTptmP3xIkTK8ZueHiZQ7vi9a11WQQA\/SF4gdqKi8o+++yzti8ui2nrqVOnVvW53ViOEGuKAagvwQvUUuzAEJPdtSw3iH1zVzPdDZ1OeENMeXu5HRoAnRG8QO3ERPeDDz5Y89ra1U53Q7e2FlvrFmcA9J7gBWplac3uWmM3ljPEDSJWa7WT4JV0cuEbAL0leIHamJiY6Ch2QzuxG9w8AiA\/wQvUxtGjR1d1M4nHaTd4465p3SCcAepL8AK18Oqrr3Zle692A7bdJRDdOi8A\/SN4gVp45513Sjes5QYQZ86cKZ2IYHbjCYD6ErzAwMU+tp0uZViylknrzMxMuX37dlmr6enpAkB9CV5g4OK2wd2w1nW0MZ09dOhQaTbbu9N6fP7x48c7nhAD0FuCFxiobdu2dW2628kWYxGt+\/fvL9evX18xfOPPYyJ87NixcvLkyQJAvY0WgAGq0215I3rPnTtX3eVt586dVYgv3yItJsFxK+KrV69WN7foxl3aAOi9xuTkZHs\/wwPoomvXrnXtpg0RrPv27SsAsEzTkgZgYGI5QzfvUGanBAAeRfACAxNLBwCg1wQvMDCbN28uANBrghcYGMELQD8IXmAgYu1uN9fvAsBPsS0ZMBDZp7uNR3zs14uNMr5YyrP3W8+t338+1ixfj6x+o5w45njrGL9edoz4\/d11zXKrNb74uvX819EHx+t0+53Gstf83P0Hrzt+HeI88br\/a6RU57bVD1B3ghegTQ\/HbETnE63nCMMnWmG4qfX7eIw3W88L8fzgYw8b33i\/TP9yoax0rq3zjbL1\/rqy495IeW6h8djPjxi9MLZYPtq4UP57pL0UXQrql+daj\/mR8tL8g\/fwOF+2zvFx6338ecOi8AVqS\/ACA9Gtu6v1w1IExkR108K6HwJ2KWZXisK1iCO+dm9d6xHhufrVZ\/G6ftP6mh1zI+XDX94vf\/jFwqrOFe\/l9b+NVOds5\/1EgP\/bN2Pl4HfNcnBivu3IBugHwQuwgpdak9u3vx0r3c\/a\/29povt2KyIfNRVerQjxw9+OVs\/TG386ep9qBevB70eqsO7EU63X+oc768uBibny5ajoBerFRWtAGr2aGn+2frH863hrermutyEX8fnR7Fj5\/ez6jmJ3uTe\/G60mtw+Lo7\/R+vipO2Mdx+6SidZfz0fx2hf68V8DgNUTvEAavdz1IaL3wJPz5ZMNC11fqxp5+Prf47Od5QurFdE7viygl8L6t9UEuLtxGtH79rd+eAjUi+AF0piYmCi9FBeE\/e6J++U\/ftW96J1ohejvvhn9+\/KD3kxGY1nD6\/cefLuPaW6vwnrJ1tax44I3gLrw33BgIO7cuVO6rV8Xwn38i\/vlbqNZ3v6ms2+hccFXxGe3li88zhvfPwjqN77vzvKFx3kwsR4tF8bmC0AdmPACA3Hjxo3SC1NTU6Uf\/rhhoZr4diJ2UliK3eZjHt0QU96l2O31ucLWef+8APVhwgsMRC8mvGHLli3l5s2bpR9iN4JNc51NZ\/8yulgd59ZIs3xT4oYOP\/7zZ2O7sFaoPtWFKXAE+l\/GFqubU8S57raa9O6yw0YUvzz3YCu0Ts8Wx4obVdzq8YV+AKsheIGBiCiN6O32hWb9mvCGWNbQiQjQuBDucS6MlfL5+sXy+y4sfYgL7\/79V\/dX\/JyLY50v1whxI45b6wUvMHh+5gQMTC8msdu2bSvZRBh\/vHHlG0isZHyV7fmnDQvlQmvy3PH5Oj8EQFcIXmBgzp8\/X7otY\/CGiNBOrXYXiGaXzgdQF4IXGJgrV66UboslEhmjN9ba3u1wCcV4G1\/+VwvegEQELzAwZ86cKb2wa9euktHdPm5te9fFZkAighcYmLhorRfLGvbs2dPTu64BMFwELzBQvZjyRuwePny4AEAQvMBAzczM9GRP3jfffLNs3769AIDgBQYqYjeitxfef\/\/9vt1uGID6ErzAwH344YelFyJ2T58+LXoBfuYELzBwcQOKEydOlF6I2L106VI5cuRIaTQa1aMT8fWxRjiOl3XPX4BsBC9QC9PT0+X69eulVyJQL168WC1z2LJlyw\/x+7gAXv458TWxLjgmxteuXauON2VyDDAUbC0O1EKs5T106FD55JNPSq\/EtDcee\/fuLTdu3Kgmy5cvXy6zs7Plq6+++tHnPv3002VqaqoK3Xi2zRnA8BK8QG3EnrzHjx8vR48eLb22FL+dLEuYbUW6b6IA9WdJA1ArJ0+eLKdOnSp1F6+xV3eKA6C7BC9QO2+99VZto7fZbFZT6HiNAAwHP40DaimCMtb1Hjx4sOOdFbrl9u3b1QQ6LrADYHgIXqC2jh07Vl1Y9u677w40emOqGxe37d+\/v3o9AAwXSxqAWotp6osvvljOnTtXhWe\/xVQ3wvuVV14RuwBDSvACtRehuXv37mqZQ+zV24\/wjdCNtboR25YwAAw3wQsMjZmZmbJ169ZqacGnn35ahW834zeOtTx0Y71u7NELwHCzhhcYOrEdWDzihhCxj+7OnTvL5s2bq311l6y05nd5KF+5cqXaA\/js2bPVMwC5CF5gaMVSh5j6xiNMTExUd0aL+I1fRxCHpRCOu6uFmNpevXq1+v3SndYAyEvwAmlEuMaE1pQWgOWs4QUAIDXBCwBAaoIXAIDUBC8AAKkJXgAAUhO8AACkJngBAEhN8AIAkJrgBQAgNcELsEabFhqlE+PNzr6+l8YXO39tdX5\/wM+L4AVYo02LnQZve2HZ6fnaCfQnmqUjcabnFgQvUA+CF6BNkXG\/\/W604wANr82tKysdJf789b+NlE7F6\/2n+caqzvebe53\/8\/DavZHWY+X3B9BrjcnJyQ7\/Hw+Q30QrFp9dKOXluZEqBrv54\/o\/blgon69fLBdHm2V2XfNH5\/znuUbZMb+u7JjrPHiXn+9PrcfFsWZZ\/g9ABPGO1vniPb403715yNet93RhbLE676WHzgnQB03BC7AKl\/5nQ+mHvf8wV74caVbx+ef\/XV96KUL0X\/5xrvr1y61J83\/eHSv98OLkvQLQR83RAsCKpjfeL\/1wt7H03Oz5OWeXDalvjTT78h5NWIBBMOEFACCzpovWAABITfACAJCa4AUAIDXBCwBAaoIXAIDUBC8AAKkJXgAAUhO8AACkJngBAEhN8AIAkJrgBQAgNcELAEBqghcAgNQELwAAqQleAABSE7wAAKQmeAEASE3wAgCQmuAFACA1wQsAQGqCFwCA1AQvAACpCV4AAFITvAAApCZ4AQBITfACAJCa4AUAIDXBCwBAaoIXAIDUBC8AAKkJXgAAUhO8AACkJngBAEhN8AIAkJrgBQAgNcELAEBqghcAgNQELwAAqQleAABSE7wAAKQmeAEASE3wAgCQmuAFACA1wQsAQGqCFwCA1AQvAACpCV4AAFITvAAApCZ4AQBITfACAJCa4AUAIDXBCwBAaoIXAIDUBC8AAKkJXgAAUhO8AACkJngBAEhN8AIAkJrgBQAgNcELAEBqghcAgNQELwAAqQleAABSE7wAAKQmeAEASE3wAgCQmuAFACA1wQsAQGqCFwCA1AQvAACpCV4AAFITvAAApCZ4AQBITfACAJCa4AUAIDXBCwBAaoIXAIDUBC8AAKkJXgAAUhO8AACkJngBAEhN8AIAkJrgBQAgNcELAEBqghcAgNQELwAAqQleAABSE7wAAKQmeAEASE3wAgCQmuAFACA1wQsAQGqCFwCA1AQvAACpCV4AAFITvAAApCZ4AQBITfACAJCa4AUAIDXBCwBAaoIXAIDUBC8AAKkJXgAAUhO8AACkJngBAEhN8AIAkJrgBQAgNcELAEBqghcAgNQELwAAqQleAABSE7wAAKQmeAEASE3wAgCQmuAFACA1wQsAQGqCFwCA1AQvAACpCV4AAFITvAAApCZ4AQBITfACAJCa4AUAIDXBCwBAaoIXAIDUBC8AAKkJXgAAUhO8AACkJngBAEhN8AIAkJrgBQAgNcELAEBqghcAgNQELwAAqQleAABSE7wAAKQmeAEASE3wAgCQmuAFACA1wQsAQGqCFwCA1AQvAACpCV4AAFIbbT2aBQAAcmr+HxOS2LXTZHzQAAAAAElFTkSuQmCC'\/%3E%3C\/svg%3E&quot;)\"   src=\"https:\/\/www.europesays.com\/fr\/wp-content\/uploads\/2025\/08\/clinisud-hopital-prive-sud-corse-1738137602_3bca13a0b89764fca13a0b89723da1v_.jpg\"\/>La Clinisud est l&rsquo;\u00e9tablissement de r\u00e9f\u00e9rence pour la chirurgie bariatrique en Corse-du-Sud dans le cadre du projet r\u00e9gional de sant\u00e9. Fanny Hamard<\/p>\n<p>Entre les murs de la clinique inaugur\u00e9e ce lundi 18\u00a0ao\u00fbt, Antonio Iannelli pourra mener \u00ab\u00a0avant la fin de l&rsquo;ann\u00e9e\u00a0\u00bb des op\u00e9rations de type \u00ab\u00a0by-pass gastrique\u00a0\u00bb, qui consiste \u00e0 r\u00e9duire le volume de l&rsquo;estomac en cr\u00e9ant une petite poche gastrique. \u00ab\u00a0Il fera \u00e9ventuellement de la sleeve gastrectomie complexe\u00a0\u00bb, ajoute Dr Cucchi, citant une op\u00e9ration destin\u00e9e \u00e0 retirer les deux tiers de l&rsquo;estomac en vue de r\u00e9duire sa capacit\u00e9 de stockage.<\/p>\n<p>L&rsquo;attractivit\u00e9 de la r\u00e9gion \u00ab\u00a0renforc\u00e9e\u00a0\u00bb<\/p>\n<p>\u00ab\u00a0Je fais toutes les interventions complexes. J&rsquo;ai l&rsquo;exp\u00e9rience pour les deuxi\u00e8me et troisi\u00e8me interventions, les complications, les \u00e9checs de perte pond\u00e9rale\u2026\u00a0\u00bb, \u00e9num\u00e8re l&rsquo;enseignant, qui se dit \u00ab\u00a0content\u00a0\u00bb d&rsquo;exercer quelques jours par mois \u00e0 Ajaccio. \u00ab\u00a0On est d\u00e9sormais en capacit\u00e9 d&rsquo;\u00eatre sur des segments tr\u00e8s \u00e9troits, avec une haute performance attendue\u00a0\u00bb, se satisfait Jean Canarelli, directeur de l&rsquo;h\u00f4pital priv\u00e9.<\/p>\n<p>L&rsquo;attractivit\u00e9 de la clinique, \u00e9tablissement de r\u00e9f\u00e9rence pour la chirurgie bariatrique en Corse-du-Sud dans le cadre du projet r\u00e9gional de sant\u00e9, s&rsquo;\u00e9tait d\u00e9j\u00e0 illustr\u00e9e avec l&rsquo;arriv\u00e9e du Dr Arnaud Deveze, notamment sp\u00e9cialis\u00e9 dans la chirurgie ORL de l&rsquo;oreille moyenne. Au regard de la consolidation de son service de chirurgie, Jean Canarelli, \u00e9galement pr\u00e9sident du Conseil d\u00e9partemental de l&rsquo;Ordre des m\u00e9decins de Corse-du-Sud, estime que \u00ab\u00a0l&rsquo;attractivit\u00e9 de notre r\u00e9gion sur ces services de pointe en sort renforc\u00e9e\u00a0\u00bb.<\/p>\n<p>Cette arriv\u00e9e rappelle la pr\u00e9valence importante de cette maladie chronique en Corse. Fait inqui\u00e9tant\u00a0: l&rsquo;ob\u00e9sit\u00e9 gagne m\u00eame du terrain chez les jeunes. \u00ab\u00a0En Corse, chez les mineurs, c&rsquo;est presque un quart des enfants en classe de sixi\u00e8me qui sont en surpoids. C&rsquo;est un peu au-dessus de la moyenne nationale\u00a0\u00bb, observe Jean-Marc Cucchi, se r\u00e9f\u00e9rant \u00e0 une th\u00e8se de la facult\u00e9 de m\u00e9decine de Nice.<\/p>\n<p>Celle-ci avait conclu, apr\u00e8s une enqu\u00eate men\u00e9e entre\u00a02022 et\u00a02023 sur un \u00e9chantillon de 604 \u00e9l\u00e8ves corses scolaris\u00e9s en sixi\u00e8me, que le taux d&rsquo;ob\u00e9sit\u00e9 s&rsquo;\u00e9levait \u00e0 5,5\u00a0% parmi ces jeunes coll\u00e9giens &#8211; tandis que le taux de surcharge pond\u00e9rale culminait \u00e0 24,5\u00a0%.<\/p>\n","protected":false},"excerpt":{"rendered":"A retrouver \u00e9galement Ajaccio\u00a0: l&rsquo;h\u00f4pital priv\u00e9 Sud-Corse inaugur\u00e9 par les ministres Vautrin et Marcangeli, un an apr\u00e8s son&hellip;\n","protected":false},"author":2,"featured_media":327883,"comment_status":"","ping_status":"","sticky":false,"template":"","format":"standard","meta":{"footnotes":""},"categories":[10],"tags":[17,7617,5622,13967,1011,27,72,7419,4565,32023,71,46478],"class_list":{"0":"post-327882","1":"post","2":"type-post","3":"status-publish","4":"format-standard","5":"has-post-thumbnail","7":"category-sante","8":"tag-17","9":"tag-accueille","10":"tag-ajaccio","11":"tag-chirurgien","12":"tag-fr","13":"tag-france","14":"tag-health","15":"tag-lhopital","16":"tag-nouveau","17":"tag-prive","18":"tag-sante","19":"tag-sud-corse"},"share_on_mastodon":{"url":"https:\/\/pubeurope.com\/@fr\/115051769619799606","error":""},"_links":{"self":[{"href":"https:\/\/www.europesays.com\/fr\/wp-json\/wp\/v2\/posts\/327882","targetHints":{"allow":["GET"]}}],"collection":[{"href":"https:\/\/www.europesays.com\/fr\/wp-json\/wp\/v2\/posts"}],"about":[{"href":"https:\/\/www.europesays.com\/fr\/wp-json\/wp\/v2\/types\/post"}],"author":[{"embeddable":true,"href":"https:\/\/www.europesays.com\/fr\/wp-json\/wp\/v2\/users\/2"}],"replies":[{"embeddable":true,"href":"https:\/\/www.europesays.com\/fr\/wp-json\/wp\/v2\/comments?post=327882"}],"version-history":[{"count":0,"href":"https:\/\/www.europesays.com\/fr\/wp-json\/wp\/v2\/posts\/327882\/revisions"}],"wp:featuredmedia":[{"embeddable":true,"href":"https:\/\/www.europesays.com\/fr\/wp-json\/wp\/v2\/media\/327883"}],"wp:attachment":[{"href":"https:\/\/www.europesays.com\/fr\/wp-json\/wp\/v2\/media?parent=327882"}],"wp:term":[{"taxonomy":"category","embeddable":true,"href":"https:\/\/www.europesays.com\/fr\/wp-json\/wp\/v2\/categories?post=327882"},{"taxonomy":"post_tag","embeddable":true,"href":"https:\/\/www.europesays.com\/fr\/wp-json\/wp\/v2\/tags?post=327882"}],"curies":[{"name":"wp","href":"https:\/\/api.w.org\/{rel}","templated":true}]}}