{"id":327886,"date":"2025-08-18T20:58:10","date_gmt":"2025-08-18T20:58:10","guid":{"rendered":"https:\/\/www.europesays.com\/fr\/327886\/"},"modified":"2025-08-18T20:58:10","modified_gmt":"2025-08-18T20:58:10","slug":"je-nai-plus-le-temps-pour-les-relations-toxiques","status":"publish","type":"post","link":"https:\/\/www.europesays.com\/fr\/327886\/","title":{"rendered":"Je n&rsquo;ai plus le temps pour les relations toxiques"},"content":{"rendered":"<p>Par <a class=\"author_recette\" id=\"author_name\" href=\"https:\/\/www.nextplz.fr\/auteur\/francis-uliel\" rel=\"nofollow noopener\" target=\"_blank\">Francis<br \/>\nUliel<\/a> &#8211;<br \/>\nPubli\u00e9 le 18 Ao\u00fbt 2025 \u00e0<br \/>\n22:00<\/p>\n<p class=\"article-intro excerpt\">Adriana Karembeu s\u2019est r\u00e9cemment<br \/>\nconfi\u00e9e dans une interview accord\u00e9e \u00e0 Mesdames m\u00e9dias. L\u2019occasion<br \/>\npour elle d\u2019\u00e9voquer, sans filtre, ses relations toxiques<br \/>\npass\u00e9es.<\/p>\n<p>Adriana Karembeu, figure embl\u00e9matique du petit \u00e9cran en France,<br \/>\nnage en plein bonheur depuis plusieurs mois. \u00c0 noter qu&rsquo;elle a<br \/>\nautrefois \u00e9t\u00e9 mari\u00e9e \u00e0 Christian Karembeu. Une union aura dur\u00e9e 13<br \/>\nlongues ann\u00e9es. Ensuite, c&rsquo;est avec l&rsquo;homme d&rsquo;affaires et p\u00e8re de<br \/>\nsa fille, Andr\u00e9 Ohanian, qu&rsquo;elle a v\u00e9cu une belle idylle qui a<br \/>\ndonn\u00e9 son clap de fin en 2022. Depuis peu, c&rsquo;est aux c\u00f4t\u00e9s de Marc<br \/>\nLavoine qu&rsquo;Adriana Karembeu file le parfait amour\u2026 Une aubaine pour<br \/>\ncelle qui a r\u00e9cemment balanc\u00e9 sur les relations toxiques qu&rsquo;elle a<br \/>\nautrefois v\u00e9cu.<\/p>\n<p>Adriana Karembeu<br \/>\nsans filtre sur sa vie priv\u00e9e<\/p>\n<p>C&rsquo;est dans les colonnes de Mesdames m\u00e9dias qu&rsquo;Adriana Karembeu a<br \/>\naccept\u00e9 de revenir sur un aspect jamais \u00e9voquer de sa vie priv\u00e9e.<br \/>\nDans cette interview exclusive accord\u00e9e \u00e0 Ma\u00eftena Biraben, <a href=\"https:\/\/www.nextplz.fr\/people\/503423-adriana-karembeu-cash-age-plus-le-temps\" rel=\"nofollow noopener\" target=\"_blank\"><br \/>\nla jolie blonde qui assume son \u00e2ge<\/a> a alors l\u00e2ch\u00e9 des d\u00e9tails<br \/>\ncroustillants pour les plus curieux. Tr\u00e8s \u00e9panouie dans sa vie,<br \/>\nelle commence par assurer : \u00ab\u00a0J&rsquo;adore mon travail, je fais des<br \/>\nchoses diff\u00e9rentes et \u00e7a \u00e9gaie mes journ\u00e9es. Je ris<br \/>\nbeaucoup, car je suis entour\u00e9e par des gens qui sont tr\u00e8s<br \/>\ndr\u00f4les\u00a0\u00bb. Elle r\u00e9v\u00e8le dans la foul\u00e9e, sans citer de nom :<br \/>\n\u00ab\u00a0Et j&rsquo;ai \u00e9limin\u00e9 des relations toxiques ou semi-toxiques car je<br \/>\nn&rsquo;ai plus le temps\u00a0\u00bb. Et de poursuivre, expliquant : \u00ab\u00a0C&rsquo;est<br \/>\nce qu&rsquo;on r\u00e9alise apr\u00e8s 50 ans : c&rsquo;est que \u00e7a va s&rsquo;arr\u00eater un jour,<br \/>\non fait attention \u00e0 son bien-\u00eatre\u00a0\u00bb.<\/p>\n<p>Adriana Karembeu plus libre et \u00e9panouie dans sa nouvelle vie<\/p>\n<p>Adriana Karembeu a \u00e9galement profit\u00e9 de l&rsquo;occasion pour \u00e9voquer<br \/>\nses relations personnelles et amicales, qui contribuent fortement \u00e0<br \/>\nson bonheur et son \u00e9panouissement. La ch\u00e9rie de Marc Lavoine qui a<br \/>\nautrefois v\u00e9cu dans une prison dor\u00e9e, confie \u00e0 ce propos : \u00ab\u00a0Je<br \/>\nsuis tr\u00e8s bien, car j&rsquo;ai des amis, ce que je n&rsquo;avais pas avant, car<br \/>\nj&rsquo;\u00e9tais la femme d&rsquo;un homme et un homme \u00e9tait tout pour moi\u00a0\u00bb.<br \/>\nElle poursuit son propos, pr\u00e9cisant : \u00ab\u00a0Il n&rsquo;y avait rien<br \/>\nautour. Par choix !\u00a0\u00bb. D\u00e9sormais, Adriana Karembeu voit les<br \/>\nchoses diff\u00e9remment. \u00ab\u00a0Mais aujourd&rsquo;hui ce n&rsquo;est pas pareil :<br \/>\nj&rsquo;ai des amis et je trouve \u00e7a hyper chouette et important\u00a0\u00bb,<br \/>\nfait-elle savoir.<\/p>\n<p>\u00ab\u00a0Je suis devenue<br \/>\nune lionne depuis et \u00e7a reste\u00a0\u00bb<\/p>\n<p>Ce week-end, l&rsquo;ancienne top-mod\u00e8le c\u00e9l\u00e9brait un anniversaire<br \/>\ntr\u00e8s sp\u00e9cial, les sept ans de sa fille, Nina. Toujours aupr\u00e8s de<br \/>\nMa\u00eftena Biraben, <a href=\"https:\/\/www.nextplz.fr\/people\/493111-un-brocoli-cest-comme-adriana-karembeu-brise-lomerta-sur-un-combat-douloureux-en-tant-que-maman\" rel=\"nofollow noopener\" target=\"_blank\"><br \/>\nla femme de 53 ans s&rsquo;est confi\u00e9e sur cette maternit\u00e9 tardive<\/a>.<br \/>\n\u00ab\u00a0Il y a une magie qui op\u00e8re\u00a0\u00bb, a-t-elle reconnu. Et<br \/>\nd&rsquo;expliquer : \u00ab\u00a0Tu deviens une personne qui a des meilleures<br \/>\ncapacit\u00e9s. Tu es au taquet pour cet enfant. Apr\u00e8s l&rsquo;accouchement de<br \/>\nma fille, j&rsquo;avais 46 balais, quand m\u00eame, donc \u00e7a doit \u00eatre des<br \/>\nhormones qui te rendent diff\u00e9rente\u00a0\u00bb. Cette derni\u00e8re a ensuite<br \/>\nconclu : \u00ab\u00a0Je suis devenue une lionne depuis et \u00e7a reste. Apr\u00e8s,<br \/>\ntu as l&rsquo;\u00e2ge d&rsquo;apr\u00e8s 50 ans qui en rajoute une couche. \u00c7a met un<br \/>\nboost, \u00e7a me met des frissons.\u00a0\u00bb<\/p>\n","protected":false},"excerpt":{"rendered":"Par Francis Uliel &#8211; Publi\u00e9 le 18 Ao\u00fbt 2025 \u00e0 22:00 Adriana Karembeu s\u2019est r\u00e9cemment confi\u00e9e dans une&hellip;\n","protected":false},"author":2,"featured_media":327887,"comment_status":"","ping_status":"","sticky":false,"template":"","format":"standard","meta":{"footnotes":""},"categories":[8],"tags":[58,59,1011,27],"class_list":{"0":"post-327886","1":"post","2":"type-post","3":"status-publish","4":"format-standard","5":"has-post-thumbnail","7":"category-divertissement","8":"tag-divertissement","9":"tag-entertainment","10":"tag-fr","11":"tag-france"},"share_on_mastodon":{"url":"https:\/\/pubeurope.com\/@fr\/115051777463993776","error":""},"_links":{"self":[{"href":"https:\/\/www.europesays.com\/fr\/wp-json\/wp\/v2\/posts\/327886","targetHints":{"allow":["GET"]}}],"collection":[{"href":"https:\/\/www.europesays.com\/fr\/wp-json\/wp\/v2\/posts"}],"about":[{"href":"https:\/\/www.europesays.com\/fr\/wp-json\/wp\/v2\/types\/post"}],"author":[{"embeddable":true,"href":"https:\/\/www.europesays.com\/fr\/wp-json\/wp\/v2\/users\/2"}],"replies":[{"embeddable":true,"href":"https:\/\/www.europesays.com\/fr\/wp-json\/wp\/v2\/comments?post=327886"}],"version-history":[{"count":0,"href":"https:\/\/www.europesays.com\/fr\/wp-json\/wp\/v2\/posts\/327886\/revisions"}],"wp:featuredmedia":[{"embeddable":true,"href":"https:\/\/www.europesays.com\/fr\/wp-json\/wp\/v2\/media\/327887"}],"wp:attachment":[{"href":"https:\/\/www.europesays.com\/fr\/wp-json\/wp\/v2\/media?parent=327886"}],"wp:term":[{"taxonomy":"category","embeddable":true,"href":"https:\/\/www.europesays.com\/fr\/wp-json\/wp\/v2\/categories?post=327886"},{"taxonomy":"post_tag","embeddable":true,"href":"https:\/\/www.europesays.com\/fr\/wp-json\/wp\/v2\/tags?post=327886"}],"curies":[{"name":"wp","href":"https:\/\/api.w.org\/{rel}","templated":true}]}}