{"id":327888,"date":"2025-08-18T20:59:07","date_gmt":"2025-08-18T20:59:07","guid":{"rendered":"https:\/\/www.europesays.com\/fr\/327888\/"},"modified":"2025-08-18T20:59:07","modified_gmt":"2025-08-18T20:59:07","slug":"onde-de-choc-devastatrice-seisme-geant-refroidissement-brutal-du-climat-le-jour-funeste-ou-un-asteroide-geant-percutera-la-terre-le-figaro","status":"publish","type":"post","link":"https:\/\/www.europesays.com\/fr\/327888\/","title":{"rendered":"Onde de choc d\u00e9vastatrice, s\u00e9isme g\u00e9ant, refroidissement brutal du climat\u2026 Le jour funeste o\u00f9 un ast\u00e9ro\u00efde g\u00e9ant percutera la Terre &#8211; Le Figaro"},"content":{"rendered":"<ol>\n<li><a href=\"https:\/\/news.google.com\/rss\/articles\/CBMi_wFBVV95cUxOZGtFdFU5SjBuMlBDZlRneUZGZ1FrZjlTdkFaWHQxMHBjbFZxbFFHZ2pvMWp2dHVTRDdId1ZfVjhQNXI3QU5OUmhUS0Rjaml3c3MzcEtjUXh3OGRuSzI4UlkteHppd3diUHhuZEFiRXhZMzNGSGlvRVByRVlCRDRDcW1rbnhkSUtRTGNZZExxakd0X0IyOE40WHdfd1Axd1FMTGJGMTVXdUh2ZDVyU1JCZFRnMzRxMDRQUGE0dUxNYUMyaGlhNEZXcGR5SjQ3cDAzdXNyUThMRWZLYVB6VUJJaDRyOTM0UjEwZExnd3lMZ1oxeXM0ckVUdThlc3ZsVzQ?oc=5\" target=\"_blank\" rel=\"nofollow noopener\">Onde de choc d\u00e9vastatrice, s\u00e9isme g\u00e9ant, refroidissement brutal du climat\u2026 Le jour funeste o\u00f9 un ast\u00e9ro\u00efde g\u00e9ant percutera la Terre<\/a>&nbsp;&nbsp;Le Figaro<\/li>\n<li><a href=\"https:\/\/news.google.com\/rss\/articles\/CBMizgFBVV95cUxPWnptRVE2SDVtRUdtRmxMcGZXQXlxOWhBd2ZMX3RfQzdMc3FjWHlXQlJxbjd6MFRTQzl6VFRmaW10Yi0yZ053emFFdlZMRi1ReU4wcjRUWjNpUl9jNDlxQVJic1piZEhYa25lVWxtMTNCM0tRRWZnak8zS0g3VDU3bUF0eFFqeGpsN1lsYms0cWZHR3dMOEx6LUthRENzdy1fS3VyQ2xIU0I2UkVHV0k1dWloQzlqMGc2TlBKWnRPeXhOejhhUnFJaGNITXpRdw?oc=5\" target=\"_blank\" rel=\"nofollow noopener\">\u00ab Union in\u00e9dite \u00bb : la Chine et la NASA s\u2019allient pour contrer l\u2019ast\u00e9ro\u00efde 2024 YR4, menace spatiale imminente<\/a>&nbsp;&nbsp;techguru.fr<\/li>\n<li><a href=\"https:\/\/news.google.com\/rss\/articles\/CBMivwFBVV95cUxObVF3WURqdENzYndWdk1kWHVPRFJUYThkVkVzZHpSTUMtWF90WHBrLUt3bS03Y0JKWGE5VzdxSDk0N3dXMXAxS1pDSVFVTTROZUY1TUtFbzNRT0hxQTRET09zTkRnRS1sbmpZZjFqMHJaZ3VUV0tNRU9aVEJPLWw4OWwycUE4R19Iam5GdERrdkpYZEhCY2ZzbUpsSGphaHN6ckhJX3VDQ0NySy1mQk9ucHZHTGZjd280bFBLbGNDWQ?oc=5\" target=\"_blank\" rel=\"nofollow noopener\">\u00ab Cet ast\u00e9ro\u00efde nous menace \u00bb : faut-il craindre l\u2019impact d\u00e9vastateur de 2024 YR4 sur notre plan\u00e8te ?<\/a>&nbsp;&nbsp;newsly.fr<\/li>\n<\/ol>\n","protected":false},"excerpt":{"rendered":"Onde de choc d\u00e9vastatrice, s\u00e9isme g\u00e9ant, refroidissement brutal du climat\u2026 Le jour funeste o\u00f9 un ast\u00e9ro\u00efde g\u00e9ant percutera&hellip;\n","protected":false},"author":2,"featured_media":1445,"comment_status":"","ping_status":"","sticky":false,"template":"","format":"standard","meta":{"footnotes":""},"categories":[7],"tags":[1011,27,43,40,41,39,42,44],"class_list":{"0":"post-327888","1":"post","2":"type-post","3":"status-publish","4":"format-standard","5":"has-post-thumbnail","7":"category-sciences-et-technologies","8":"tag-fr","9":"tag-france","10":"tag-science","11":"tag-science-and-technology","12":"tag-sciences","13":"tag-sciences-et-technologies","14":"tag-technologies","15":"tag-technology"},"share_on_mastodon":{"url":"https:\/\/pubeurope.com\/@fr\/115051781460096625","error":""},"_links":{"self":[{"href":"https:\/\/www.europesays.com\/fr\/wp-json\/wp\/v2\/posts\/327888","targetHints":{"allow":["GET"]}}],"collection":[{"href":"https:\/\/www.europesays.com\/fr\/wp-json\/wp\/v2\/posts"}],"about":[{"href":"https:\/\/www.europesays.com\/fr\/wp-json\/wp\/v2\/types\/post"}],"author":[{"embeddable":true,"href":"https:\/\/www.europesays.com\/fr\/wp-json\/wp\/v2\/users\/2"}],"replies":[{"embeddable":true,"href":"https:\/\/www.europesays.com\/fr\/wp-json\/wp\/v2\/comments?post=327888"}],"version-history":[{"count":0,"href":"https:\/\/www.europesays.com\/fr\/wp-json\/wp\/v2\/posts\/327888\/revisions"}],"wp:featuredmedia":[{"embeddable":true,"href":"https:\/\/www.europesays.com\/fr\/wp-json\/wp\/v2\/media\/1445"}],"wp:attachment":[{"href":"https:\/\/www.europesays.com\/fr\/wp-json\/wp\/v2\/media?parent=327888"}],"wp:term":[{"taxonomy":"category","embeddable":true,"href":"https:\/\/www.europesays.com\/fr\/wp-json\/wp\/v2\/categories?post=327888"},{"taxonomy":"post_tag","embeddable":true,"href":"https:\/\/www.europesays.com\/fr\/wp-json\/wp\/v2\/tags?post=327888"}],"curies":[{"name":"wp","href":"https:\/\/api.w.org\/{rel}","templated":true}]}}