{"id":327897,"date":"2025-08-18T21:05:12","date_gmt":"2025-08-18T21:05:12","guid":{"rendered":"https:\/\/www.europesays.com\/fr\/327897\/"},"modified":"2025-08-18T21:05:12","modified_gmt":"2025-08-18T21:05:12","slug":"saint-etienne-des-tags-antisemites-retrouves-sur-des-lieux-symboliques-de-la-ville","status":"publish","type":"post","link":"https:\/\/www.europesays.com\/fr\/327897\/","title":{"rendered":"Saint-\u00c9tienne : des tags antis\u00e9mites retrouv\u00e9s sur des lieux symboliques de la ville"},"content":{"rendered":"<p>                                            Faits divers\n                                                                            <\/p>\n<p>\n                                            Une enqu\u00eate a \u00e9t\u00e9 ouverte pour \u00ab incitation \u00e0 la haine \u00bb apr\u00e8s la d\u00e9couverte de plusieurs inscriptions \u00ab abjectes \u00bb sur des colonnes de la cath\u00e9drale Saint-Charles ou devant l&rsquo;H\u00f4tel de Ville.                                        <\/p>\n<p>                                                Publi\u00e9 le 18 ao\u00fbt 2025 \u00e0 15h22                                                                                            <\/p>\n<p>                                            <img loading=\"lazy\" width=\"1024\" height=\"683\" src=\"https:\/\/www.europesays.com\/fr\/wp-content\/uploads\/2025\/08\/Capture-decran-2025-08-18-1516081.jpg\" class=\"attachment-post-thumbnail size-post-thumbnail wp-post-image lazy\" alt=\"Plusieurs tags ont \u00e9t\u00e9 retrouv\u00e9s devant la mairie de Saint-\u00c9tienne, dimanche 17 ao\u00fbt. PHOTO \u00a9 Capture d'\u00e9cran Google Street View\" decoding=\"async\"  data-\/><\/p>\n<p>                                            Plusieurs tags ont \u00e9t\u00e9 retrouv\u00e9s devant la mairie de Saint-\u00c9tienne, dimanche 17 ao\u00fbt. PHOTO \u00a9 Capture d&rsquo;\u00e9cran Google Street View<\/p>\n<p>\u00ab La terre ne sera jamais musulmane \u00bb, \u00ab Juifs et arabes sont cul et chemise \u00bb ou encore \u00ab Isra\u00ebl, [\u2026] c\u2019est la race du diable \u00bb. Plusieurs <a href=\"https:\/\/www.valeursactuelles.com\/regions\/auvergne-rhone-alpes\/loire\/saint-etienne\/faits-divers\/mort-a-israel-ramenez-les-bleus-a-lhopital-des-etudiants-dextreme-gauche-ont-vandalise-luniversite-jean-monnet-de-saint-etienne\" target=\"_blank\" rel=\"noopener sponsored\">tags antis\u00e9mites<\/a> et racistes ont \u00e9t\u00e9 d\u00e9couverts \u00e0 Saint-\u00c9tienne (Loire), dimanche 17 ao\u00fbt, rapporte <a href=\"https:\/\/actu.fr\/auvergne-rhone-alpes\/saint-etienne_42218\/saint-etienne-des-tags-racistes-et-antisemites-decouverts-sur-des-lieux-symboliques_63045043.html\" target=\"_blank\" rel=\"nofollow noopener\">Actu.fr<\/a>. Ces inscriptions \u00ab abjectes \u00bb faites aux feutres ont d\u00e9figur\u00e9 des colonnes de la cath\u00e9drale Saint-Charles, le palais de justice ou encore le pi\u00e9destal des statues tr\u00f4nant devant l\u2019H\u00f4tel de Ville. Le maire de la ville, <a href=\"https:\/\/www.valeursactuelles.com\/societe\/chantage-a-la-sextape-le-maire-de-saint-etienne-gael-perdriau-mis-en-examen-2\" target=\"_blank\" rel=\"noopener sponsored\">Ga\u00ebl Perdriau<\/a>, a vivement condamn\u00e9 \u00ab ces actes odieux et d\u2019une grande l\u00e2chet\u00e9 \u00bb, dans un communiqu\u00e9 de presse.<\/p>\n<p><a href=\"https:\/\/www.valeursactuelles.com\/politique\/il-y-a-des-forces-politiques-qui-jouent-de-lantisemitisme-pour-engranger-des-voix-accuse-le-grand-rabbin-de-france\" class=\"h-flex h-align-items-center h-border-tb h-ptb-15\" target=\"_blank\" rel=\"noopener\">A\u00a0LIRE\u00a0\u00ab Il y a des forces politiques qui jouent de l\u2019antis\u00e9mitisme pour engranger des voix \u00bb, accuse le grand rabbin de France<\/a><\/p>\n<p>\u00ab Rien n\u2019est plus \u00e9tranger \u00e0 notre ville de Saint-\u00c9tienne que le racisme, l\u2019antis\u00e9mitisme et l\u2019islamophobie. En toute circonstance, nous ne devons pas rester silencieux et condamner, sans rel\u00e2che et sans faiblesse, cette haine de l\u2019autre, d\u2019o\u00f9 qu\u2019elle vienne \u00bb, a fustig\u00e9 l\u2019\u00e9dile. \u00ab Je ne connais qu\u2019une seule communaut\u00e9 \u00e0 Saint-\u00c9tienne : celle des St\u00e9phanoises et des <a href=\"https:\/\/www.valeursactuelles.com\/politique\/jaime-le-chaudron-comme-il-est-wauquiez-soppose-a-retailleau-sur-les-ultras-de-saint-etienne\" target=\"_blank\" rel=\"noopener sponsored\">St\u00e9phanois<\/a>. [\u2026] Tout autre chemin est une impasse et se termine in\u00e9luctablement en violence \u00bb, a-t-il ajout\u00e9.<\/p>\n<p>Retrouvez-nous sur :<\/p>\n<blockquote class=\"wp-embedded-content\" data-secret=\"QEzCQ5IfuH\">\n<p><a href=\"https:\/\/www.valeursactuelles.com\/\" target=\"_blank\" rel=\"noopener\">Accueil<\/a><\/p>\n<\/blockquote>\n<p>\u2013 Facebook :<\/p>\n<p>https:\/\/www.facebook.com\/valeursactuelles.page\u00a0\u00bb&gt;<\/p>\n<p>\u00a0<\/p>\n<p>La mairie a d\u00e9pos\u00e9 plainte<\/p>\n<p>Une enqu\u00eate pour \u00ab incitation \u00e0 la haine \u00bb a \u00e9t\u00e9 ouverte par les forces de l\u2019ordre. \u00ab\u2009La ville de Saint-\u00c9tienne mettra \u00e0 disposition de la police nationale les images de vid\u00e9osurveillance afin que le ou les auteurs puissent \u00eatre identifi\u00e9s et arr\u00eat\u00e9s, comme elle le fait aussi d\u00e9sormais syst\u00e9matiquement lors de d\u00e9gradations de l\u2019espace public\u2009\u00bb, a pr\u00e9cis\u00e9 le maire qui a \u00e9galement annonc\u00e9 avoir d\u00e9pos\u00e9 plainte. Quant aux tags, les services municipaux ont \u00e9t\u00e9 imm\u00e9diatement sollicit\u00e9s pour les effacer.<\/p>\n","protected":false},"excerpt":{"rendered":"Faits divers Une enqu\u00eate a \u00e9t\u00e9 ouverte pour \u00ab incitation \u00e0 la haine \u00bb apr\u00e8s la d\u00e9couverte de&hellip;\n","protected":false},"author":2,"featured_media":327898,"comment_status":"","ping_status":"","sticky":false,"template":"","format":"standard","meta":{"footnotes":""},"categories":[9653],"tags":[1111,11,6155,2430,1777,674,1011,27,3367,12,10162,25,4001,21890,46479],"class_list":{"0":"post-327897","1":"post","2":"type-post","3":"status-publish","4":"format-standard","5":"has-post-thumbnail","7":"category-saint-etienne","8":"tag-actu","9":"tag-actualites","10":"tag-antisemitisme","11":"tag-auvergne-rhone-alpes","12":"tag-eu","13":"tag-europe","14":"tag-fr","15":"tag-france","16":"tag-loire","17":"tag-news","18":"tag-racisme","19":"tag-republique-francaise","20":"tag-saint-etienne","21":"tag-tags","22":"tag-tags-antisemites"},"share_on_mastodon":{"url":"https:\/\/pubeurope.com\/@fr\/115051804946464989","error":""},"_links":{"self":[{"href":"https:\/\/www.europesays.com\/fr\/wp-json\/wp\/v2\/posts\/327897","targetHints":{"allow":["GET"]}}],"collection":[{"href":"https:\/\/www.europesays.com\/fr\/wp-json\/wp\/v2\/posts"}],"about":[{"href":"https:\/\/www.europesays.com\/fr\/wp-json\/wp\/v2\/types\/post"}],"author":[{"embeddable":true,"href":"https:\/\/www.europesays.com\/fr\/wp-json\/wp\/v2\/users\/2"}],"replies":[{"embeddable":true,"href":"https:\/\/www.europesays.com\/fr\/wp-json\/wp\/v2\/comments?post=327897"}],"version-history":[{"count":0,"href":"https:\/\/www.europesays.com\/fr\/wp-json\/wp\/v2\/posts\/327897\/revisions"}],"wp:featuredmedia":[{"embeddable":true,"href":"https:\/\/www.europesays.com\/fr\/wp-json\/wp\/v2\/media\/327898"}],"wp:attachment":[{"href":"https:\/\/www.europesays.com\/fr\/wp-json\/wp\/v2\/media?parent=327897"}],"wp:term":[{"taxonomy":"category","embeddable":true,"href":"https:\/\/www.europesays.com\/fr\/wp-json\/wp\/v2\/categories?post=327897"},{"taxonomy":"post_tag","embeddable":true,"href":"https:\/\/www.europesays.com\/fr\/wp-json\/wp\/v2\/tags?post=327897"}],"curies":[{"name":"wp","href":"https:\/\/api.w.org\/{rel}","templated":true}]}}