{"id":327899,"date":"2025-08-18T21:09:06","date_gmt":"2025-08-18T21:09:06","guid":{"rendered":"https:\/\/www.europesays.com\/fr\/327899\/"},"modified":"2025-08-18T21:09:06","modified_gmt":"2025-08-18T21:09:06","slug":"festivete-concert-du-groupe-sacado","status":"publish","type":"post","link":"https:\/\/www.europesays.com\/fr\/327899\/","title":{"rendered":"Festiv\u2019\u00e9t\u00e9\u00a0: concert du groupe SaCaDo"},"content":{"rendered":"<p>Les quatre membres qui composent le groupe SaCaDo se produiront sur la sc\u00e8ne de Festiv\u2019\u00e9t\u00e9. Les musiciens aiment m\u00e9tisser les influences pour un voyage musical \u00e9clectique, \u00e9lectrique et atypique. Dans leur sac \u00e0 dos\u00a0: un saxophone, une trompette, un trombone et un sampleur.<\/p>\n<p class=\"note\">\u00c0 d\u00e9couvrir samedi 23\u00a0ao\u00fbt, \u00e0 20\u00a0h\u00a030, au village Festiv\u2019\u00e9t\u00e9, 15, rue Foch, \u00e0 Jarville. Acc\u00e8s libre.<\/p>\n","protected":false},"excerpt":{"rendered":"Les quatre membres qui composent le groupe SaCaDo se produiront sur la sc\u00e8ne de Festiv\u2019\u00e9t\u00e9. Les musiciens aiment&hellip;\n","protected":false},"author":2,"featured_media":327900,"comment_status":"","ping_status":"","sticky":false,"template":"","format":"standard","meta":{"footnotes":""},"categories":[9635],"tags":[1111,11,1687,1704,1777,674,1011,27,775,9648,9649,873,1702,12,25],"class_list":{"0":"post-327899","1":"post","2":"type-post","3":"status-publish","4":"format-standard","5":"has-post-thumbnail","7":"category-nancy","8":"tag-actu","9":"tag-actualites","10":"tag-culture-loisirs","11":"tag-edition-nancy-et-agglomeration","12":"tag-eu","13":"tag-europe","14":"tag-fr","15":"tag-france","16":"tag-grand-est","17":"tag-jarville-la-malgrange","18":"tag-metropole-du-grand-nancy-54b2","19":"tag-musique","20":"tag-nancy","21":"tag-news","22":"tag-republique-francaise"},"share_on_mastodon":{"url":"https:\/\/pubeurope.com\/@fr\/115051820721899110","error":""},"_links":{"self":[{"href":"https:\/\/www.europesays.com\/fr\/wp-json\/wp\/v2\/posts\/327899","targetHints":{"allow":["GET"]}}],"collection":[{"href":"https:\/\/www.europesays.com\/fr\/wp-json\/wp\/v2\/posts"}],"about":[{"href":"https:\/\/www.europesays.com\/fr\/wp-json\/wp\/v2\/types\/post"}],"author":[{"embeddable":true,"href":"https:\/\/www.europesays.com\/fr\/wp-json\/wp\/v2\/users\/2"}],"replies":[{"embeddable":true,"href":"https:\/\/www.europesays.com\/fr\/wp-json\/wp\/v2\/comments?post=327899"}],"version-history":[{"count":0,"href":"https:\/\/www.europesays.com\/fr\/wp-json\/wp\/v2\/posts\/327899\/revisions"}],"wp:featuredmedia":[{"embeddable":true,"href":"https:\/\/www.europesays.com\/fr\/wp-json\/wp\/v2\/media\/327900"}],"wp:attachment":[{"href":"https:\/\/www.europesays.com\/fr\/wp-json\/wp\/v2\/media?parent=327899"}],"wp:term":[{"taxonomy":"category","embeddable":true,"href":"https:\/\/www.europesays.com\/fr\/wp-json\/wp\/v2\/categories?post=327899"},{"taxonomy":"post_tag","embeddable":true,"href":"https:\/\/www.europesays.com\/fr\/wp-json\/wp\/v2\/tags?post=327899"}],"curies":[{"name":"wp","href":"https:\/\/api.w.org\/{rel}","templated":true}]}}