{"id":327906,"date":"2025-08-18T21:13:20","date_gmt":"2025-08-18T21:13:20","guid":{"rendered":"https:\/\/www.europesays.com\/fr\/327906\/"},"modified":"2025-08-18T21:13:20","modified_gmt":"2025-08-18T21:13:20","slug":"montpellier-crucifie-le-mans-au-terme-dun-match-fou-ligue-2-j2-le-mans-montpellier-1-2","status":"publish","type":"post","link":"https:\/\/www.europesays.com\/fr\/327906\/","title":{"rendered":"Montpellier crucifie Le Mans au terme d&rsquo;un match fou &#8211; Ligue 2 &#8211; J2 &#8211; Le Mans-Montpellier (1-2)"},"content":{"rendered":"<p>\t\t\t<img decoding=\"async\" loading=\"lazy\" class=\"blason blason-grand\" src=\"https:\/\/www.europesays.com\/fr\/wp-content\/uploads\/2025\/08\/1755551599_994_grande.jpg\"\/> Le Mans 1-2 Montpellier <img decoding=\"async\" loading=\"lazy\" class=\"blason blason-grand\" src=\"https:\/\/www.europesays.com\/fr\/wp-content\/uploads\/2025\/04\/1744694118_397_grande.jpg\"\/><\/p>\n<p>Buts : Gueye (90e+6) pour le MUC 72 \/\/ Coulibaly (54e), Ndiaye (90e+9) pour les Pailladins<\/p>\n<p>Choc des extr\u00eames.<\/p>\n<p>Il s\u2019agissait d\u2019un match des retours : celui en Ligue 2 qui rime avec le retour du professionnalisme pour Le Mans, tandis que Montpellier s\u2019acclimate petit \u00e0 petit \u00e0 sa rel\u00e9gation \u00e0 l\u2019\u00e9chelon inf\u00e9rieur, seize ans apr\u00e8s sa derni\u00e8re pige en deuxi\u00e8me division. Malgr\u00e9 l\u2019opposition donn\u00e9e par les Manceaux, les prot\u00e9g\u00e9s de Zoumana Camara se sont finalement impos\u00e9s 2 \u00e0 1, non sans mal face \u00e0 des Manceaux qui avait d\u00e9j\u00e0 r\u00e9ussi leur remontada <a target=\"_blank\" href=\"https:\/\/www.sofoot.com\/breves\/ligue-2-un-finish-de-fou-furieux-et-un-match-nul-entre-guingamp-et-le-mans\" rel=\"nofollow noopener\">face \u00e0 Guingamp la semaine pr\u00e9c\u00e9dente (3-3)<\/a>.<\/p>\n<p>Un dernier quart d\u2019heure de folie<\/p>\n<p>Apr\u00e8s un premier acte \u00e9quilibr\u00e9, m\u00eame si le MHSC s\u2019est offert les plus belles opportunit\u00e9s avec Julien Laporte dont la t\u00eate a \u00e9t\u00e9 parfaitement repouss\u00e9e par Nicolas Kocik (25e), puis c\u2019est Samuel Youhou qui s\u2019est illustr\u00e9 en d\u00e9viant sur le poteau la tentative de Th\u00e9o Sainte-Luce (34e). C\u2019est au cours du second acte que les \u00e9v\u00e8nements se sont acc\u00e9l\u00e9r\u00e9s.<\/p>\n<p>Toujours port\u00e9s vers l\u2019avant, les Montpelli\u00e9rains ont fini par faire la diff\u00e9rence gr\u00e2ce \u00e0 Tanguy Coulibaly, qui avait caus\u00e9 d\u00e9j\u00e0 des d\u00e9g\u00e2ts dans la d\u00e9fense mancelle au cours des 45 premi\u00e8res minutes, sur une passe fantasque d\u2019Enzo Tchato <strong>(0-1, 54e)<\/strong>. Mais c\u2019\u00e9tait sans compter sur les neuf minutes de temps additionnel. Pas r\u00e9sign\u00e9 malgr\u00e9 le but de retard, Le Mans a retrouv\u00e9 un second souffle. Si Simon Ngapandouetnbua a emp\u00each\u00e9 Jean Vercruysse de ramener les Manceaux \u00e0 hauteur avec un arr\u00eat spectaculaire (90e+2), il n\u2019a pas pu d\u00e9tourner le coup de casque de Dame Gueye <strong>(1-1, 90e+6)<\/strong>. Alors que la confiance semblait avoir bascul\u00e9 du c\u00f4t\u00e9 des Sarthois, Junior Ndiaye est venu climatiser Marie-Marvingt qui n\u2019a eu qu\u2019\u00e0 pousser le ballon dans le but apr\u00e8s l\u2019effort sur le c\u00f4t\u00e9 droit d\u2019Alexandre Mendy <strong>(1-2, 90e+9)<\/strong>. Les Montpelli\u00e9rains se sont ainsi offerts leur premi\u00e8re victoire en Ligue 2 apr\u00e8s le nul conc\u00e9d\u00e9 face au Red Star lors de la premi\u00e8re journ\u00e9e (1-1) et s\u2019offrent trois points en championnat pour la premi\u00e8re fois depuis le 26 janvier dernier.<\/p>\n<p>Plus que 12 unit\u00e9s \u00e0 engranger pour \u00e9galer le nombre de points de la saison derni\u00e8re c\u00f4t\u00e9 MHSC.<\/p>\n<p><img decoding=\"async\" loading=\"lazy\" class=\"blason blason-petit\" src=\"https:\/\/www.europesays.com\/fr\/wp-content\/uploads\/2025\/08\/1755551599_994_grande.jpg\"\/> <strong>Le Mans FC (3-5-2)<\/strong> : Kocik \u2013 Voyer, Yohou, Eyoum \u2013 Calodat (Abanda, 73e), Robin (Rossignol, 65e), Quarshie (Lauray, 65e), Vercruysse, Ribelin (Oggad, 80e) \u2013 Rabillard (Luvambo, 65e), Gueye. <strong>Entra\u00eeneur :<\/strong> Patrick Videira.<\/p>\n<p><img decoding=\"async\" loading=\"lazy\" class=\"blason blason-petit\" src=\"https:\/\/www.europesays.com\/fr\/wp-content\/uploads\/2025\/04\/1744694118_397_grande.jpg\"\/> <strong>Montpellier HSC (4-2-3-1) : <\/strong>Ngapandouetnbu \u2013 Tchato, Laporte, Jullien (Pereira da Silva, 68e), El Hannach \u2013 Mouanga, Omeragi\u0107 \u2013 Mbuku, Coulibaly (Mincarelli, 68e), Sainte-Luce (Ndiaye, 78e) \u2013 Mendy. <strong>Entra\u00eeneur :<\/strong> Zoumana Camara.<\/p>\n<p>\t\t\t\t\t\t\t\t\t\t<a class=\"lien-connexe\" href=\"https:\/\/www.sofoot.com\/articles\/ligue-2-tour-dhorizon-des-favoris-pour-la-montee\" rel=\"nofollow noopener\" target=\"_blank\">Ligue 2\u202f: Tour d&rsquo;horizon des favoris pour la mont\u00e9e<\/a>\t\t\t\t\t<\/p>\n","protected":false},"excerpt":{"rendered":"Le Mans 1-2 Montpellier Buts : Gueye (90e+6) pour le MUC 72 \/\/ Coulibaly (54e), Ndiaye (90e+9) pour&hellip;\n","protected":false},"author":2,"featured_media":327907,"comment_status":"","ping_status":"","sticky":false,"template":"","format":"standard","meta":{"footnotes":""},"categories":[9599],"tags":[1111,47,11,61,69,65,64,1777,674,63,1011,27,68,66,2208,12,62,2680,70,25,67],"class_list":{"0":"post-327906","1":"post","2":"type-post","3":"status-publish","4":"format-standard","5":"has-post-thumbnail","7":"category-montpellier","8":"tag-actu","9":"tag-actualite","10":"tag-actualites","11":"tag-actus-football","12":"tag-bundesliga","13":"tag-championnats-europeens","14":"tag-equipe-de-france","15":"tag-eu","16":"tag-europe","17":"tag-football","18":"tag-fr","19":"tag-france","20":"tag-ligua","21":"tag-ligue-1","22":"tag-montpellier","23":"tag-news","24":"tag-news-foot","25":"tag-occitanie","26":"tag-premier-league","27":"tag-republique-francaise","28":"tag-serie-a"},"share_on_mastodon":{"url":"https:\/\/pubeurope.com\/@fr\/115051836804301262","error":""},"_links":{"self":[{"href":"https:\/\/www.europesays.com\/fr\/wp-json\/wp\/v2\/posts\/327906","targetHints":{"allow":["GET"]}}],"collection":[{"href":"https:\/\/www.europesays.com\/fr\/wp-json\/wp\/v2\/posts"}],"about":[{"href":"https:\/\/www.europesays.com\/fr\/wp-json\/wp\/v2\/types\/post"}],"author":[{"embeddable":true,"href":"https:\/\/www.europesays.com\/fr\/wp-json\/wp\/v2\/users\/2"}],"replies":[{"embeddable":true,"href":"https:\/\/www.europesays.com\/fr\/wp-json\/wp\/v2\/comments?post=327906"}],"version-history":[{"count":0,"href":"https:\/\/www.europesays.com\/fr\/wp-json\/wp\/v2\/posts\/327906\/revisions"}],"wp:featuredmedia":[{"embeddable":true,"href":"https:\/\/www.europesays.com\/fr\/wp-json\/wp\/v2\/media\/327907"}],"wp:attachment":[{"href":"https:\/\/www.europesays.com\/fr\/wp-json\/wp\/v2\/media?parent=327906"}],"wp:term":[{"taxonomy":"category","embeddable":true,"href":"https:\/\/www.europesays.com\/fr\/wp-json\/wp\/v2\/categories?post=327906"},{"taxonomy":"post_tag","embeddable":true,"href":"https:\/\/www.europesays.com\/fr\/wp-json\/wp\/v2\/tags?post=327906"}],"curies":[{"name":"wp","href":"https:\/\/api.w.org\/{rel}","templated":true}]}}