{"id":327908,"date":"2025-08-18T21:18:18","date_gmt":"2025-08-18T21:18:18","guid":{"rendered":"https:\/\/www.europesays.com\/fr\/327908\/"},"modified":"2025-08-18T21:18:18","modified_gmt":"2025-08-18T21:18:18","slug":"un-retour-majeur-se-profile-dans-leffectif-dhorneland-face-a-grenoble","status":"publish","type":"post","link":"https:\/\/www.europesays.com\/fr\/327908\/","title":{"rendered":"Un retour majeur se profile dans l&rsquo;effectif d&rsquo;Horneland face \u00e0 Grenoble !"},"content":{"rendered":"<p>                                            Publi\u00e9 le 18\/08\/2025 \u00e0 19h22<br \/>\n                                                                                3 minutes de lecture\n                                                                    <\/p>\n<p>F\u00e9ru de sport et plus particuli\u00e8rement de ballon rond depuis ma plus tendre enfance.<\/p>\n<p>                                            Lire la suite<\/p>\n<p>L\u00a0\u00bbAS Saint-\u00c9tienne continue de composer avec l&rsquo;absence de <strong>Maxime Bernauer<\/strong>, son d\u00e9fenseur central titulaire, qui se remet progressivement de sa blessure contract\u00e9e lors du match amical face \u00e0 Cagliari. L&rsquo;entra\u00eeneur <strong>Eirik Horneland<\/strong> avait d\u00e9j\u00e0 \u00e9voqu\u00e9 cette semaine la prolongation de l&rsquo;indisponibilit\u00e9 du joueur, avec un retour esp\u00e9r\u00e9 au plus t\u00f4t pour la <strong>quatri\u00e8me journ\u00e9e de championnat<\/strong> face \u00e0 Grenoble. Cette situation oblige le staff technique st\u00e9phanois \u00e0 repenser l&rsquo;organisation d\u00e9fensive de l&rsquo;\u00e9quipe en attendant le retour de ce pilier de la charni\u00e8re centrale. Le processus de r\u00e9cup\u00e9ration suit son cours normal, avec des \u00e9tapes bien d\u00e9finies qui permettront au joueur de retrouver progressivement le niveau de comp\u00e9tition requis en Ligue 2.<\/p>\n<p>                                <img decoding=\"async\" src=\"https:\/\/www.europesays.com\/fr\/wp-content\/uploads\/2025\/04\/1744123449_543_logo.png\" alt=\"Logo\"\/><\/p>\n<p>100\u20ac offerts sur ton 1er pari !<\/p>\n<p>                            <a href=\"https:\/\/bit.ly\/4j5wl4k\" class=\"headband-button\" rel=\"nofollow noopener\" target=\"_blank\">J&rsquo;en profite<\/a><\/p>\n<p>                                                                <img loading=\"lazy\" decoding=\"async\" src=\"https:\/\/www.europesays.com\/fr\/wp-content\/uploads\/2025\/08\/asse-un-retour-majeur-se-profile-dans-l-effectif-d-horneland-face-a-grenoble.jpg\" alt=\"Illustration : &quot;ASSE : Un retour majeur se profile dans l'effectif d'Horneland face \u00e0 Grenoble !&quot;\" class=\"figure-img img-fluid\" width=\"780\" height=\"478\"\/><\/p>\n<p>                                    \u00a9 Site officiel de l&rsquo;ASSE                                <\/p>\n<p>Reprise progressive de l&rsquo;entra\u00eenement<\/p>\n<p>Le d\u00e9fenseur central a franchi une \u00e9tape importante dans son processus de gu\u00e9rison en effectuant son retour sur les <strong>terrains d&rsquo;entra\u00eenement de L&rsquo;Etrat ce jeudi<\/strong>. Cette reprise s&rsquo;est faite dans le cadre d&rsquo;un travail individualis\u00e9, comme l&rsquo;a pr\u00e9cis\u00e9 Eirik Horneland lors de sa conf\u00e9rence de presse d&rsquo;avant-match. L&rsquo;entra\u00eeneur norv\u00e9gien s&rsquo;est montr\u00e9 optimiste concernant l&rsquo;\u00e9volution de son joueur : \u00ab\u00a0Maxime Bernauer a pu revenir sur le terrain aujourd&rsquo;hui, il a fait quelques exercices. Il a tr\u00e8s bien travaill\u00e9 sur sa p\u00e9riode de soins en salle. Il \u00e9tait sur le terrain cette semaine, je pense qu&rsquo;on pourra le voir avec l&rsquo;\u00e9quipe \u00e0 l&rsquo;entra\u00eenement la semaine prochaine. Il sera s\u00fbrement disponible pour les matchs la semaine suivante ou celle d&rsquo;apr\u00e8s.\u00a0\u00bb Cette progression m\u00e9thodique t\u00e9moigne du s\u00e9rieux avec lequel le club aborde la r\u00e9cup\u00e9ration de ses joueurs bless\u00e9s, privil\u00e9giant une approche prudente pour \u00e9viter toute rechute.<\/p>\n<p>Calendrier de retour \u00e0 la comp\u00e9tition<\/p>\n<p>Bien que <strong>Maxime Bernauer<\/strong> soit esp\u00e9r\u00e9 \u00e0 l&rsquo;entra\u00eenement collectif d\u00e8s mardi prochain, sa participation aux matchs officiels devra encore attendre. Le joueur ne sera pas du d\u00e9placement \u00e0 <strong>Boulogne-Sur-Mer<\/strong> pour la prochaine rencontre de championnat. Son retour sur les pelouses de Ligue 2 est programm\u00e9 au minimum pour le match contre <strong>Grenoble \u00e0 domicile, le 30 ao\u00fbt prochain<\/strong>, correspondant \u00e0 la quatri\u00e8me journ\u00e9e de championnat. Cette \u00e9ch\u00e9ance a \u00e9t\u00e9 confirm\u00e9e par le principal int\u00e9ress\u00e9 lui-m\u00eame, qui s&rsquo;est exprim\u00e9 au micro du diffuseur avant la rencontre victorieuse contre Rodez (4-0). Le d\u00e9fenseur a d\u00e9clar\u00e9 avec confiance : \u00ab\u00a0\u00c9coutez \u00e7a va, je vais de mieux en mieux. J&rsquo;esp\u00e8re pouvoir revenir avec le groupe pour le prochain match \u00e0 domicile.\u00a0\u00bb Cette d\u00e9claration rassure les supporters st\u00e9phanois qui attendent impatiemment le retour de leur d\u00e9fenseur titulaire.<\/p>\n<p>Impact sur l&rsquo;effectif st\u00e9phanois<\/p>\n<p>L&rsquo;absence prolong\u00e9e de <strong>Maxime Bernauer<\/strong> repr\u00e9sente un d\u00e9fi tactique pour l&rsquo;AS Saint-\u00c9tienne, qui doit adapter son syst\u00e8me d\u00e9fensif en attendant le retour de ce joueur cl\u00e9. Le staff technique a d\u00fb trouver des solutions alternatives pour compenser cette absence, notamment lors de la victoire convaincante face \u00e0 <strong>Rodez (4-0)<\/strong>. Cette p\u00e9riode d&rsquo;indisponibilit\u00e9 permet n\u00e9anmoins \u00e0 d&rsquo;autres joueurs de l&rsquo;effectif de se montrer et de gagner du temps de jeu pr\u00e9cieux. La gestion prudente de cette blessure s&rsquo;inscrit dans une approche \u00e0 long terme, privil\u00e9giant la sant\u00e9 du joueur et sa disponibilit\u00e9 sur l&rsquo;ensemble de la saison plut\u00f4t qu&rsquo;un retour pr\u00e9cipit\u00e9 qui pourrait s&rsquo;av\u00e9rer contre-productif.<\/p>\n<p>La Ligue 2 a repris ses droits et l\u2019ASSE n\u2019a fait qu\u2019une bouch\u00e9e de Rodez pour la 2\u00e8me journ\u00e9e de championnat. Pour cette saison 2025-2026, profitez de 100\u20ac offerts pour votre premi\u00e8re inscription sur Parions Sport en Ligne. <a href=\"http:\/\/bit.ly\/4hgs1yE\" rel=\"nofollow noopener\" target=\"_blank\"><strong>L\u2019ASSE valide son ticket pour la L1 en finissant 1\u00e8re de L2 ? Pariez sur une mont\u00e9e des Verts couronn\u00e9e d\u2019un sacre en L2 vous rapporte jusqu\u2019\u00e0 450\u20ac !<\/strong><\/a><\/p>\n<p><strong>Pour en profiter, c\u2019est tr\u00e8s simple :<\/strong><\/p>\n<p>&#8211;                  Cr\u00e9ez votre compte joueur en seulement 2 \u00e9tapes <a href=\"http:\/\/bit.ly\/4hgs1yE\" rel=\"nofollow noopener\" target=\"_blank\"><strong>ici<\/strong><\/a><\/p>\n<p>&#8211;                  R\u00e9alisez votre 1er d\u00e9p\u00f4t puis placez votre 1er pari (Minimum 5\u20ac)<\/p>\n<p>&#8211;                  Une fois votre 1er d\u00e9p\u00f4t et votre 1er pari r\u00e9alis\u00e9s, l\u2019int\u00e9gralit\u00e9 du montant de ce 1er pari sera cr\u00e9dit\u00e9e sur votre compte joueur dans la limite de 100\u20ac maximum et sous la forme de cr\u00e9dits de jeu non retirables. Le cr\u00e9dit s\u2019effectuera alors en une seule \u00e9tape et sous 3 jours<\/p>\n<p>Jouer comporte des risques : endettement, d\u00e9pendance\u2026 Appelez le 09 74 75 13 13 (appel non surtax\u00e9)<\/p>\n","protected":false},"excerpt":{"rendered":"Publi\u00e9 le 18\/08\/2025 \u00e0 19h22 3 minutes de lecture F\u00e9ru de sport et plus particuli\u00e8rement de ballon rond&hellip;\n","protected":false},"author":2,"featured_media":327909,"comment_status":"","ping_status":"","sticky":false,"template":"","format":"standard","meta":{"footnotes":""},"categories":[9566],"tags":[1111,11,2430,1777,674,1011,27,2731,12,25],"class_list":{"0":"post-327908","1":"post","2":"type-post","3":"status-publish","4":"format-standard","5":"has-post-thumbnail","7":"category-grenoble","8":"tag-actu","9":"tag-actualites","10":"tag-auvergne-rhone-alpes","11":"tag-eu","12":"tag-europe","13":"tag-fr","14":"tag-france","15":"tag-grenoble","16":"tag-news","17":"tag-republique-francaise"},"share_on_mastodon":{"url":"https:\/\/pubeurope.com\/@fr\/115051856214237099","error":""},"_links":{"self":[{"href":"https:\/\/www.europesays.com\/fr\/wp-json\/wp\/v2\/posts\/327908","targetHints":{"allow":["GET"]}}],"collection":[{"href":"https:\/\/www.europesays.com\/fr\/wp-json\/wp\/v2\/posts"}],"about":[{"href":"https:\/\/www.europesays.com\/fr\/wp-json\/wp\/v2\/types\/post"}],"author":[{"embeddable":true,"href":"https:\/\/www.europesays.com\/fr\/wp-json\/wp\/v2\/users\/2"}],"replies":[{"embeddable":true,"href":"https:\/\/www.europesays.com\/fr\/wp-json\/wp\/v2\/comments?post=327908"}],"version-history":[{"count":0,"href":"https:\/\/www.europesays.com\/fr\/wp-json\/wp\/v2\/posts\/327908\/revisions"}],"wp:featuredmedia":[{"embeddable":true,"href":"https:\/\/www.europesays.com\/fr\/wp-json\/wp\/v2\/media\/327909"}],"wp:attachment":[{"href":"https:\/\/www.europesays.com\/fr\/wp-json\/wp\/v2\/media?parent=327908"}],"wp:term":[{"taxonomy":"category","embeddable":true,"href":"https:\/\/www.europesays.com\/fr\/wp-json\/wp\/v2\/categories?post=327908"},{"taxonomy":"post_tag","embeddable":true,"href":"https:\/\/www.europesays.com\/fr\/wp-json\/wp\/v2\/tags?post=327908"}],"curies":[{"name":"wp","href":"https:\/\/api.w.org\/{rel}","templated":true}]}}