{"id":327912,"date":"2025-08-18T21:20:30","date_gmt":"2025-08-18T21:20:30","guid":{"rendered":"https:\/\/www.europesays.com\/fr\/327912\/"},"modified":"2025-08-18T21:20:30","modified_gmt":"2025-08-18T21:20:30","slug":"adrien-rabiot-et-jonathan-rowe-sanctionnes-apres-leur-altercation-a-rennes-france-marseille","status":"publish","type":"post","link":"https:\/\/www.europesays.com\/fr\/327912\/","title":{"rendered":"Adrien Rabiot et Jonathan Rowe sanctionn\u00e9s apr\u00e8s leur altercation \u00e0 Rennes &#8211; France &#8211; Marseille"},"content":{"rendered":"<p>D\u00e9buter sa saison dans le calme, mode d\u2019emploi.<\/p>\n<p>Ils s\u2019\u00e9taient bien accroch\u00e9s ce vendredi soir <a target=\"_blank\" href=\"https:\/\/www.sofoot.com\/articles\/ligue-1-a-10-contre-11-rennes-douche-lom\" rel=\"nofollow noopener\">apr\u00e8s la d\u00e9sillusion contre Rennes (0-1)<\/a> et c\u2019est d\u00e9sormais officiel, ils ne partiront pas en vacances ensemble. Selon<a target=\"_blank\" href=\"https:\/\/rmcsport.bfmtv.com\/football\/ligue-1\/om-adrien-rabiot-et-jonathan-rowe-temporairement-ecartes-de-l-equipe-premiere_AV-202508180402.html\" rel=\"nofollow noopener\"> RMC Sport<\/a>, <strong>les deux joueurs Adrien Rabiot et Jonathan Rowe ont \u00e9t\u00e9 sanctionn\u00e9s apr\u00e8s leur altercation dans le vestiaire du Roazhon Park,\u00a0<\/strong>o\u00f9 les deux joueurs s\u2019\u00e9taient retrouv\u00e9s front contre front.<\/p>\n<p>Ils ont tous les deux \u00e9t\u00e9\u00a0<strong>\u00e9cart\u00e9s temporairement du groupe de l\u2019\u00e9quipe premi\u00e8re<\/strong>. Une d\u00e9cision qui ne devrait pas durer une \u00e9ternit\u00e9, mais qui permettrait d\u2019assumer cette volont\u00e9 de ne plus laisser passer ce genre d\u2019attitudes.<\/p>\n<p>Un p\u2019tit don pour se faire racheter<\/p>\n<p>Le m\u00e9dia fran\u00e7ais rapporte que <a target=\"_blank\" href=\"https:\/\/www.sofoot.com\/articles\/ligue-1-a-10-contre-11-rennes-douche-lom\" rel=\"nofollow noopener\">le club pourrait proposer aux deux joueurs de faire un don \u00e0 la fondation OM<\/a>. Un geste qui viendra du coeur, on s\u2019en doute, mais qui ne devrait pas les emp\u00eacher de louper les prochains entra\u00eenements \u00e0 la Commanderie, \u00e0 quelques jours du premier match officiel de la saison au V\u00e9lodrome, contre le Paris FC.<\/p>\n<p>Vivement la s\u00e9rie-documentaire l\u2019\u00e9t\u00e9 prochain.<\/p>\n<p>\t\t\t\t\t\t\t\t\t\t<a class=\"lien-connexe\" href=\"https:\/\/www.sofoot.com\/breves\/ligue-1-des-coups-echanges-entre-rowe-et-rabiot\" rel=\"nofollow noopener\" target=\"_blank\">Des coups \u00e9chang\u00e9s entre Rowe et Rabiot\u202f?<\/a>\t\t\t\t\t<\/p>\n","protected":false},"excerpt":{"rendered":"D\u00e9buter sa saison dans le calme, mode d\u2019emploi. Ils s\u2019\u00e9taient bien accroch\u00e9s ce vendredi soir apr\u00e8s la d\u00e9sillusion&hellip;\n","protected":false},"author":2,"featured_media":327913,"comment_status":"","ping_status":"","sticky":false,"template":"","format":"standard","meta":{"footnotes":""},"categories":[2821],"tags":[1111,47,11,61,829,69,65,64,1777,674,63,1011,27,68,66,12,62,70,584,25,67],"class_list":{"0":"post-327912","1":"post","2":"type-post","3":"status-publish","4":"format-standard","5":"has-post-thumbnail","7":"category-rennes","8":"tag-actu","9":"tag-actualite","10":"tag-actualites","11":"tag-actus-football","12":"tag-bretagne","13":"tag-bundesliga","14":"tag-championnats-europeens","15":"tag-equipe-de-france","16":"tag-eu","17":"tag-europe","18":"tag-football","19":"tag-fr","20":"tag-france","21":"tag-ligua","22":"tag-ligue-1","23":"tag-news","24":"tag-news-foot","25":"tag-premier-league","26":"tag-rennes","27":"tag-republique-francaise","28":"tag-serie-a"},"share_on_mastodon":{"url":"https:\/\/pubeurope.com\/@fr\/115051863942527215","error":""},"_links":{"self":[{"href":"https:\/\/www.europesays.com\/fr\/wp-json\/wp\/v2\/posts\/327912","targetHints":{"allow":["GET"]}}],"collection":[{"href":"https:\/\/www.europesays.com\/fr\/wp-json\/wp\/v2\/posts"}],"about":[{"href":"https:\/\/www.europesays.com\/fr\/wp-json\/wp\/v2\/types\/post"}],"author":[{"embeddable":true,"href":"https:\/\/www.europesays.com\/fr\/wp-json\/wp\/v2\/users\/2"}],"replies":[{"embeddable":true,"href":"https:\/\/www.europesays.com\/fr\/wp-json\/wp\/v2\/comments?post=327912"}],"version-history":[{"count":0,"href":"https:\/\/www.europesays.com\/fr\/wp-json\/wp\/v2\/posts\/327912\/revisions"}],"wp:featuredmedia":[{"embeddable":true,"href":"https:\/\/www.europesays.com\/fr\/wp-json\/wp\/v2\/media\/327913"}],"wp:attachment":[{"href":"https:\/\/www.europesays.com\/fr\/wp-json\/wp\/v2\/media?parent=327912"}],"wp:term":[{"taxonomy":"category","embeddable":true,"href":"https:\/\/www.europesays.com\/fr\/wp-json\/wp\/v2\/categories?post=327912"},{"taxonomy":"post_tag","embeddable":true,"href":"https:\/\/www.europesays.com\/fr\/wp-json\/wp\/v2\/tags?post=327912"}],"curies":[{"name":"wp","href":"https:\/\/api.w.org\/{rel}","templated":true}]}}