{"id":327914,"date":"2025-08-18T21:21:11","date_gmt":"2025-08-18T21:21:11","guid":{"rendered":"https:\/\/www.europesays.com\/fr\/327914\/"},"modified":"2025-08-18T21:21:11","modified_gmt":"2025-08-18T21:21:11","slug":"strasbourg-feu-de-peinture-a-solvant-chez-nlmk-50-pompiers-mobilises","status":"publish","type":"post","link":"https:\/\/www.europesays.com\/fr\/327914\/","title":{"rendered":"Strasbourg. Feu de peinture \u00e0 solvant chez NLMK : 50 pompiers mobilis\u00e9s"},"content":{"rendered":"<p>Une cinquantaine de sapeurs-pompiers ont \u00e9t\u00e9 mobilis\u00e9s ce lundi 18 ao\u00fbt vers 21 h 30, rue du Bassin de l\u2019Industrie \u00e0 Strasbourg, dans le secteur du Port du Rhin, pour un incendie survenu dans l\u2019entreprise NLMK.<\/p>\n<p>Selon le Service d\u2019incendie et de secours, il s&rsquo;agit d&rsquo;un feu de peinture \u00e0 solvant contenu dans une \u00e9tuve. Aucun risque de propagation n\u2019a \u00e9t\u00e9 identifi\u00e9.<\/p>\n","protected":false},"excerpt":{"rendered":"Une cinquantaine de sapeurs-pompiers ont \u00e9t\u00e9 mobilis\u00e9s ce lundi 18 ao\u00fbt vers 21 h 30, rue du Bassin&hellip;\n","protected":false},"author":2,"featured_media":327915,"comment_status":"","ping_status":"","sticky":false,"template":"","format":"standard","meta":{"footnotes":""},"categories":[2820],"tags":[1111,11,2880,1777,674,274,107,1011,27,775,1310,12,25,640],"class_list":{"0":"post-327914","1":"post","2":"type-post","3":"status-publish","4":"format-standard","5":"has-post-thumbnail","7":"category-strasbourg","8":"tag-actu","9":"tag-actualites","10":"tag-edition-strasbourg","11":"tag-eu","12":"tag-europe","13":"tag-faits-divers-justice","14":"tag-fil-info","15":"tag-fr","16":"tag-france","17":"tag-grand-est","18":"tag-incendie","19":"tag-news","20":"tag-republique-francaise","21":"tag-strasbourg"},"share_on_mastodon":{"url":"https:\/\/pubeurope.com\/@fr\/115051867838368453","error":""},"_links":{"self":[{"href":"https:\/\/www.europesays.com\/fr\/wp-json\/wp\/v2\/posts\/327914","targetHints":{"allow":["GET"]}}],"collection":[{"href":"https:\/\/www.europesays.com\/fr\/wp-json\/wp\/v2\/posts"}],"about":[{"href":"https:\/\/www.europesays.com\/fr\/wp-json\/wp\/v2\/types\/post"}],"author":[{"embeddable":true,"href":"https:\/\/www.europesays.com\/fr\/wp-json\/wp\/v2\/users\/2"}],"replies":[{"embeddable":true,"href":"https:\/\/www.europesays.com\/fr\/wp-json\/wp\/v2\/comments?post=327914"}],"version-history":[{"count":0,"href":"https:\/\/www.europesays.com\/fr\/wp-json\/wp\/v2\/posts\/327914\/revisions"}],"wp:featuredmedia":[{"embeddable":true,"href":"https:\/\/www.europesays.com\/fr\/wp-json\/wp\/v2\/media\/327915"}],"wp:attachment":[{"href":"https:\/\/www.europesays.com\/fr\/wp-json\/wp\/v2\/media?parent=327914"}],"wp:term":[{"taxonomy":"category","embeddable":true,"href":"https:\/\/www.europesays.com\/fr\/wp-json\/wp\/v2\/categories?post=327914"},{"taxonomy":"post_tag","embeddable":true,"href":"https:\/\/www.europesays.com\/fr\/wp-json\/wp\/v2\/tags?post=327914"}],"curies":[{"name":"wp","href":"https:\/\/api.w.org\/{rel}","templated":true}]}}