{"id":327916,"date":"2025-08-18T21:22:14","date_gmt":"2025-08-18T21:22:14","guid":{"rendered":"https:\/\/www.europesays.com\/fr\/327916\/"},"modified":"2025-08-18T21:22:14","modified_gmt":"2025-08-18T21:22:14","slug":"rafael-luis-prete-au-racing","status":"publish","type":"post","link":"https:\/\/www.europesays.com\/fr\/327916\/","title":{"rendered":"Rafael Luis pr\u00eat\u00e9 au Racing"},"content":{"rendered":"<p>Le milieu de terrain portugais arrive en pr\u00eat avec option d\u2019achat en provenance du Benfica Lisbonne.<\/p>\n<p>Pur produit de la formation du Benfica Lisbonne, Rafael Luis a disput\u00e9 53 rencontres en Liga Portugal 2 depuis ses 18 ans. Le milieu de terrain d\u00e9fensif n\u00e9 en 2005 totalise \u00e9galement plusieurs s\u00e9lections dans les diff\u00e9rentes \u00e9quipes nationales jeunes portugaises. Le gaucher arrive en pr\u00eat avec option d\u2019achat jusqu\u2019\u00e0 la fin de la saison 2025-2026.<\/p>\n","protected":false},"excerpt":{"rendered":"Le milieu de terrain portugais arrive en pr\u00eat avec option d\u2019achat en provenance du Benfica Lisbonne. Pur produit&hellip;\n","protected":false},"author":2,"featured_media":327917,"comment_status":"","ping_status":"","sticky":false,"template":"","format":"standard","meta":{"footnotes":""},"categories":[2820],"tags":[1111,11,1777,674,1011,27,775,12,25,640],"class_list":{"0":"post-327916","1":"post","2":"type-post","3":"status-publish","4":"format-standard","5":"has-post-thumbnail","7":"category-strasbourg","8":"tag-actu","9":"tag-actualites","10":"tag-eu","11":"tag-europe","12":"tag-fr","13":"tag-france","14":"tag-grand-est","15":"tag-news","16":"tag-republique-francaise","17":"tag-strasbourg"},"share_on_mastodon":{"url":"https:\/\/pubeurope.com\/@fr\/115051871865423304","error":""},"_links":{"self":[{"href":"https:\/\/www.europesays.com\/fr\/wp-json\/wp\/v2\/posts\/327916","targetHints":{"allow":["GET"]}}],"collection":[{"href":"https:\/\/www.europesays.com\/fr\/wp-json\/wp\/v2\/posts"}],"about":[{"href":"https:\/\/www.europesays.com\/fr\/wp-json\/wp\/v2\/types\/post"}],"author":[{"embeddable":true,"href":"https:\/\/www.europesays.com\/fr\/wp-json\/wp\/v2\/users\/2"}],"replies":[{"embeddable":true,"href":"https:\/\/www.europesays.com\/fr\/wp-json\/wp\/v2\/comments?post=327916"}],"version-history":[{"count":0,"href":"https:\/\/www.europesays.com\/fr\/wp-json\/wp\/v2\/posts\/327916\/revisions"}],"wp:featuredmedia":[{"embeddable":true,"href":"https:\/\/www.europesays.com\/fr\/wp-json\/wp\/v2\/media\/327917"}],"wp:attachment":[{"href":"https:\/\/www.europesays.com\/fr\/wp-json\/wp\/v2\/media?parent=327916"}],"wp:term":[{"taxonomy":"category","embeddable":true,"href":"https:\/\/www.europesays.com\/fr\/wp-json\/wp\/v2\/categories?post=327916"},{"taxonomy":"post_tag","embeddable":true,"href":"https:\/\/www.europesays.com\/fr\/wp-json\/wp\/v2\/tags?post=327916"}],"curies":[{"name":"wp","href":"https:\/\/api.w.org\/{rel}","templated":true}]}}