{"id":327920,"date":"2025-08-18T21:24:20","date_gmt":"2025-08-18T21:24:20","guid":{"rendered":"https:\/\/www.europesays.com\/fr\/327920\/"},"modified":"2025-08-18T21:24:20","modified_gmt":"2025-08-18T21:24:20","slug":"kevin-carlos-omoruyi-sengage-avec-logc-nice","status":"publish","type":"post","link":"https:\/\/www.europesays.com\/fr\/327920\/","title":{"rendered":"Kevin Carlos Omoruyi s\u2019engage avec l\u2019OGC Nice"},"content":{"rendered":"<p>Depuis plusieurs semaines, l\u2019OGC Nice est \u00e0 la recherche d\u2019un attaquant avec le d\u00e9part de Ga\u00ebtan Laborde en deuxi\u00e8me division saoudienne. Et alors que Ransford-Yeboah K\u00f6nigsd\u00f6rffer \u00e9tait tout proche de devenir la doublure de Terem Moffi, le deal a \u00e9t\u00e9 interrompu tout pr\u00e8s de sa conclusion. D\u00e8s lors, les dirigeants azur\u00e9ens ont continu\u00e9 de prospecter pour trouver chaussure \u00e0 leur pied. Ainsi, le Gym a d\u00e9cid\u00e9 de miser sur <a href=\"https:\/\/www.footmercato.net\/joueur\/kevin-carlos-omoruyi-benjamin\/\" rel=\"nofollow noopener\" target=\"_blank\">Kevin Carlos<\/a> Omoruyi. <\/p>\n<p>            La suite apr\u00e8s cette publicit\u00e9<\/p>\n<p>Auteur de 15 buts en 40 matches la saison pass\u00e9e avec le FC <a href=\"https:\/\/www.footmercato.net\/club\/fc-bale-1893\/\" rel=\"nofollow noopener\" target=\"_blank\">B\u00e2le<\/a>, l\u2019attaquant espagnol de 24 ans s\u2019est officiellement engag\u00e9 avec Nice ce lundi : \u00abKevin Carlos est un nouvel Aiglon. L\u2019avant-centre espagnol de 24 ans rejoint l\u2019OGC Nice en provenance du FC B\u00e2le (Super League suisse). Apr\u00e8s des exp\u00e9riences successives dans son Espagne natale (Huesca) puis en Suisse (Yverdon, B\u00e2le), Kevin Carlos Omoruyi Benjamin, de son nom complet, arrive \u00e0 Nice avec l\u2019ambition de franchir un nouveau cap.\u00bb Il portera le num\u00e9ro 90 du c\u00f4t\u00e9 de l\u2019Allianz Riviera. <\/p>\n<p>\n    Pub. le 18\/08\/2025 21:54<br \/>\n            &#8211; MAJ le 18\/08\/2025 22:53\n    <\/p>\n","protected":false},"excerpt":{"rendered":"Depuis plusieurs semaines, l\u2019OGC Nice est \u00e0 la recherche d\u2019un attaquant avec le d\u00e9part de Ga\u00ebtan Laborde en&hellip;\n","protected":false},"author":2,"featured_media":327921,"comment_status":"","ping_status":"","sticky":false,"template":"","format":"standard","meta":{"footnotes":""},"categories":[2819],"tags":[1111,11,1777,674,1011,27,12,2401,882,25],"class_list":{"0":"post-327920","1":"post","2":"type-post","3":"status-publish","4":"format-standard","5":"has-post-thumbnail","7":"category-nice","8":"tag-actu","9":"tag-actualites","10":"tag-eu","11":"tag-europe","12":"tag-fr","13":"tag-france","14":"tag-news","15":"tag-nice","16":"tag-provence-alpes-cote-dazur","17":"tag-republique-francaise"},"share_on_mastodon":{"url":"https:\/\/pubeurope.com\/@fr\/115051879670056502","error":""},"_links":{"self":[{"href":"https:\/\/www.europesays.com\/fr\/wp-json\/wp\/v2\/posts\/327920","targetHints":{"allow":["GET"]}}],"collection":[{"href":"https:\/\/www.europesays.com\/fr\/wp-json\/wp\/v2\/posts"}],"about":[{"href":"https:\/\/www.europesays.com\/fr\/wp-json\/wp\/v2\/types\/post"}],"author":[{"embeddable":true,"href":"https:\/\/www.europesays.com\/fr\/wp-json\/wp\/v2\/users\/2"}],"replies":[{"embeddable":true,"href":"https:\/\/www.europesays.com\/fr\/wp-json\/wp\/v2\/comments?post=327920"}],"version-history":[{"count":0,"href":"https:\/\/www.europesays.com\/fr\/wp-json\/wp\/v2\/posts\/327920\/revisions"}],"wp:featuredmedia":[{"embeddable":true,"href":"https:\/\/www.europesays.com\/fr\/wp-json\/wp\/v2\/media\/327921"}],"wp:attachment":[{"href":"https:\/\/www.europesays.com\/fr\/wp-json\/wp\/v2\/media?parent=327920"}],"wp:term":[{"taxonomy":"category","embeddable":true,"href":"https:\/\/www.europesays.com\/fr\/wp-json\/wp\/v2\/categories?post=327920"},{"taxonomy":"post_tag","embeddable":true,"href":"https:\/\/www.europesays.com\/fr\/wp-json\/wp\/v2\/tags?post=327920"}],"curies":[{"name":"wp","href":"https:\/\/api.w.org\/{rel}","templated":true}]}}