{"id":327924,"date":"2025-08-18T21:27:35","date_gmt":"2025-08-18T21:27:35","guid":{"rendered":"https:\/\/www.europesays.com\/fr\/327924\/"},"modified":"2025-08-18T21:27:35","modified_gmt":"2025-08-18T21:27:35","slug":"ils-cherchent-a-manger-du-frais-quon-les-ecoute-pendant-la-canicule-bordeaux-se-mobilise-pour-les-sans-abri","status":"publish","type":"post","link":"https:\/\/www.europesays.com\/fr\/327924\/","title":{"rendered":"\u00ab\u00a0Ils cherchent \u00e0 manger, du frais, qu&rsquo;on les \u00e9coute\u00a0\u00bb : pendant la canicule, Bordeaux se mobilise pour les sans-abri"},"content":{"rendered":"<p>Bordeaux suffoque. Omar en est le premier t\u00e9moin. \u00ab\u00a0La chaleur c\u2019est difficile \u00e0 vivre\u00a0\u00bb, soupire le jeune homme de 28 ans, arriv\u00e9 en ville il y a deux mois et contraint de vivre \u00e0 la rue depuis. Alors quand \u00ab\u00a0la dame du 115\u00a0\u00bb lui a parl\u00e9 du Centre Jean Moulin, il n\u2019a pas h\u00e9sit\u00e9 une seule seconde avant de s\u2019y rendre ce mardi apr\u00e8s-midi.<\/p>\n<p>Car la France subit depuis vendredi dernier \u00ab\u00a0sa 51eme vague de chaleur depuis 1947\u2033 <a href=\"https:\/\/meteofrance.com\/actualites-et-dossiers\/actualites\/vague-de-chaleur-feux-aout2025\" target=\"_blank\" rel=\"noreferrer noopener\">rapporte M\u00e9t\u00e9o-France<\/a>. Avec 41,6\u00b0C au compteur \u00e0 14h ce lundi, <a href=\"https:\/\/rue89bordeaux.com\/2025\/08\/avec-416c-au-compteur-bordeaux-bat-son-record-de-chaleur-la-vigilance-rouge-maintenue\/\" target=\"_blank\" rel=\"noreferrer noopener\">Bordeaux a battu son pr\u00e9c\u00e9dent record de chaleur<\/a> de 41,2 \u00b0C atteint en juillet 2019. D\u00e9clench\u00e9e le m\u00eame jour, l\u2019alerte rouge canicule reste active jusqu\u2019\u00e0 ce mercredi matin 6h, avant de repasser \u00e0 l\u2019orange.<\/p>\n<p>Alors depuis le 9 ao\u00fbt, le rez-de-chauss\u00e9e du centre de documentation consacr\u00e9 \u00e0 la Seconde Guerre mondiale, d\u2019ordinaire <a href=\"https:\/\/rue89bordeaux.com\/2025\/08\/le-centre-jean-moulin-un-musee-de-la-resistance-qui-prend-son-mal-en-patience\/\" target=\"_blank\" rel=\"noreferrer noopener\">ferm\u00e9 au public pour cause de travaux<\/a>, s\u2019est transform\u00e9 en halte r\u00e9pit pour les sans-abri. Il y sont accueillis de 13h \u00e0 22h par des b\u00e9n\u00e9voles de la r\u00e9serve citoyenne m\u00e9tropolitaine et de la Croix Rouge. L\u2019information circule au cours des maraudes assur\u00e9es par des associations bordelaises ou via le bouche \u00e0 oreille.<\/p>\n<p>\t\tRepas et repos<\/p>\n<p>Le lieu reste sommaire, plong\u00e9 dans la p\u00e9nombre, mais fait des heureux. Quelques lits de camp sont install\u00e9s dans le hall, en face de l\u2019entr\u00e9e. Sur la gauche, un petit espace restauration avec un micro-onde, une machine \u00e0 caf\u00e9, des bouteilles d\u2019eau ; le n\u00e9cessaire pour s\u2019hydrater et d\u00e9guster un repas chaud ou froid. Il en sera ainsi jusqu\u2019\u00e0 que l\u2019alerte canicule repasse au jaune.<\/p>\n<blockquote class=\"wp-block-quote is-layout-flow wp-block-quote-is-layout-flow\">\n<p>\u00ab\u00a0Les gens qui viennent ici ont acc\u00e8s \u00e0 tous les autres lieux publics [parcs, biblioth\u00e8ques, etc.], mais par d\u00e9finition ils sont \u00e0 la rue et peuvent donc \u00eatre partout dans la ville ; avoir un lieu central comme celui-ci, o\u00f9 ils savent qu\u2019ils peuvent venir tous les apr\u00e8s-midi c\u2019est important\u00a0\u00bb, confie St\u00e9phane Pfeiffer, adjoint au maire de Bordeaux charg\u00e9 du service public du logement et de l\u2019habitat.<\/p>\n<\/blockquote>\n<p>L\u2019\u00e9lu s\u2019est rendu sur place ce 12 ao\u00fbt. Omar en a profit\u00e9 pour l\u2019interpeller. Ce soir-l\u00e0, il retournera une fois de plus dormir dans un camion qui n\u2019est m\u00eame pas le sien, \u00e0 Bordeaux Nord. Le jeune homme est \u00e0 bout, \u00e9cras\u00e9 par la chaleur et d\u00e9sabus\u00e9 par des semaines d\u2019errance. <\/p>\n<blockquote class=\"wp-block-quote is-layout-flow wp-block-quote-is-layout-flow\">\n<p>\u00ab\u00a0J\u2019ai envie de travailler mais je n\u2019ai pas de logement. Je vous donne ma parole que si j\u2019ai un logement, je travaillerai\u00a0\u00bb, glisse-t-il \u00e0 St\u00e9phane Pfeiffer<\/p>\n<\/blockquote>\n<p><img loading=\"lazy\" decoding=\"async\" width=\"792\" height=\"528\" src=\"https:\/\/www.europesays.com\/fr\/wp-content\/uploads\/2025\/08\/halte-jean-moulin-12-08-25-3-792x528.jpg\" alt=\"\" class=\"wp-image-168274\"  \/> Val\u00e9rie et Serge font partie de la r\u00e9serve citoyenne m\u00e9tropolitaine Photo\u00a0: MB\/Rue89 Bordeaux<\/p>\n<p>\t\t2052 places d\u2019h\u00e9bergement<\/p>\n<p>Ce dernier note son num\u00e9ro de dossier social, lui promet de jeter un \u0153il sans pour autant garantir le miracle. Car \u00ab\u00a0l\u2019h\u00e9bergement des personnes dans la rue, c\u2019est la comp\u00e9tence de l\u2019Etat\u00a0\u00bb :<\/p>\n<blockquote class=\"wp-block-quote is-layout-flow wp-block-quote-is-layout-flow\">\n<p>\u00ab\u00a0On a une politique qu\u2019on met en place depuis 5 ans pour essayer de trouver toutes les solutions, on a par exemple mobilis\u00e9 le patrimoine municipal et on a pu loger pr\u00e8s de 200 personnes. [\u2026] On fait quand m\u00eame plus que l\u2019\u00c9tat, qui a une r\u00e9ponse largement insuffisante, donc on prend sur nous et on le fait parce que c\u2019est normal.\u00a0\u00bb<\/p>\n<\/blockquote>\n<p>La veille, lors d\u2019une conf\u00e9rence de presse assur\u00e9e le pr\u00e9fet de la Gironde, comme pour corroborer les dires de St\u00e9phane Pfeiffer, aucune mention n\u2019avait \u00e9t\u00e9 faite des sans-abri. Joints par Rue89 Bordeaux, les services de la pr\u00e9fecture assurent pourtant que \u00ab\u00a0ce second \u00e9pisode de canicule a \u00e9t\u00e9 anticip\u00e9 par les services de l\u2019Etat\u00a0\u00bb.<\/p>\n<p>Ainsi, l\u2019accueil 24h\/24 est garanti dans tous les centres d\u2019h\u00e9bergement d\u2019urgence et les horaires des accueils de jour de la Halte33 \u00e0 Bordeaux et du Lien \u00e0 Libourne ont \u00e9t\u00e9 \u00e9tendus. Le tout, coupl\u00e9 \u00e0 \u00ab\u00a0l\u2019ouverture progressive de 23 places d\u2019accueil exceptionnelles canicule\u00a0\u00bb, \u00e9quivaut selon la pr\u00e9fecture \u00e0 2052 places d\u2019h\u00e9bergement g\u00e9n\u00e9raliste ouvertes au sein du d\u00e9partement.<\/p>\n<p>Des \u00e9changes  <\/p>\n<p>Pour ce qui est du centre Jean Moulin, depuis la mise en place du dispositif, ils sont une quarantaine \u00e0 s\u2019y \u00eatre r\u00e9fugi\u00e9, essentiellement des hommes. \u00c0 titre de comparaison, <a href=\"https:\/\/rue89bordeaux.com\/2025\/07\/4e-nuit-de-la-solidarite-a-bordeaux-31-annees-desperance-de-vie-en-moins-pour-les-sans-abri\/\" target=\"_blank\" rel=\"noreferrer noopener\">la derni\u00e8re Nuit de la solidarit\u00e9<\/a> a recens\u00e9 761 personnes sans-abri. <\/p>\n<blockquote class=\"wp-block-quote is-layout-flow wp-block-quote-is-layout-flow\">\n<p>\u00ab\u00a0Ils cherchent du frais, \u00e0 manger, qu\u2019on les \u00e9coute, t\u00e9moigne Val\u00e9rie, une ancienne cadre de chez Orange aujourd\u2019hui b\u00e9n\u00e9vole \u00e0 la r\u00e9serve m\u00e9tropolitaine. Dimanche apr\u00e8s-midi, une petite jeune de la protection civile a pass\u00e9 quatre heures \u00e0 jouer au Baccalaur\u00e9at avec deux sans-abri ; elle a commenc\u00e9 puis j\u2019ai pris le relais et on a bien rigol\u00e9. C\u2019est \u00e7a qu\u2019ils cherchent, des \u00e9changes.\u00a0\u00bb<\/p>\n<\/blockquote>\n<p>La b\u00e9n\u00e9vole va rester avec son co\u00e9quipier du jour, Serge, jusqu\u2019\u00e0 17h, avant qu\u2019un autre bin\u00f4me ne prenne le relais. Tous deux, comme l\u2019ensemble des membres de la r\u00e9serve citoyenne de Bordeaux M\u00e9tropole, ont \u00e9t\u00e9 form\u00e9s aux gestes de premiers secours ainsi qu\u2019\u00e0 l\u2019attitude \u00e0 adopter pour aborder et venir en aide aux personnes en situation de pr\u00e9carit\u00e9.<\/p>\n<p>Quand ils ne sont pas affect\u00e9s au Centre Jean Moulin, Val\u00e9rie et Serge effectuent d\u2019autres missions : ils aident \u00e0 distribuer de l\u2019eau dans les Ehpad, passent des appels aux personnes \u00e2g\u00e9es isol\u00e9es, les conduisent dans des \u00e9choppes s\u00e9niors ou bien font du portage de repas \u00e0 domicile. <\/p>\n<p>De la solidarit\u00e9 et des solidouches<\/p>\n<p>Pour compl\u00e9ter le service, la Mairie de Bordeaux a choisi de faire appel \u00e0 une comp\u00e9tence particuli\u00e8re de la Croix Rouge girondine. Alors \u00e0 18h, c\u2019est un convoi d\u2019un autre genre qui fait son arriv\u00e9e sur la place Pey Berland : des b\u00e9n\u00e9voles de l\u2019association humanitaire s\u2019affairent, font les branchements n\u00e9cessaires pour l\u2019arriv\u00e9e d\u2019eau et mettent en service leur camion douche, un prototype unique en France. <\/p>\n<p><img loading=\"lazy\" decoding=\"async\" width=\"792\" height=\"528\" src=\"https:\/\/www.europesays.com\/fr\/wp-content\/uploads\/2025\/08\/halte-jean-moulin-12-08-25-4-792x528.jpg\" alt=\"\" class=\"wp-image-168275\"  \/> Les deux douches se trouvent \u00e0 l\u2019arri\u00e8re du v\u00e9hicule Photo\u00a0: MB\/Rue89 Bordeaux<\/p>\n<blockquote class=\"wp-block-quote is-layout-flow wp-block-quote-is-layout-flow\">\n<p>\u00ab\u00a0On a deux douches et on leur pr\u00eate une serviette, un gel douche et un shampoing. On fournit \u00e9galement ce qu\u2019on appelle de l\u2019hygi\u00e8ne en vrac, donc s\u2019ils ont besoin de rasoirs, de dentifrice, de tampons, on a un petit stock\u00a0\u00bb, \u00e9num\u00e8re Philippe, b\u00e9n\u00e9vole \u00e0 la Croix Rouge.<\/p>\n<\/blockquote>\n<p>Si en temps normal une \u00e9quipe sort le camion trois fois par semaine \u2013 le mardi \u00e0 Sainte-Eulalie, le jeudi et le dimanche place Andr\u00e9 Meunier \u00e0 Bordeaux \u2013, ils sont depuis le 9 ao\u00fbt pr\u00e9sents tous les jours entre la Mairie et la Cath\u00e9drale Saint Andr\u00e9. Les horaires varient selon les disponibilit\u00e9s des b\u00e9n\u00e9voles : le camion arrive vers 13h, ou bien exceptionnellement \u00e0 18h comme ce mardi, et ne repart qu\u2019\u00e0 22h.<\/p>\n<p>Les b\u00e9n\u00e9voles de la Croix Rouge voient passer en moyenne une dizaine de personnes. Ce moment est aussi l\u2019occasion, tout comme au Centre Jean Moulin, d\u2019\u00e9changer avec les b\u00e9n\u00e9ficiaires, de faire \u00ab\u00a0beaucoup d\u2019\u00e9coute\u00a0\u00bb :<\/p>\n<blockquote class=\"wp-block-quote is-layout-flow wp-block-quote-is-layout-flow\">\n<p>\u00ab\u00a0Si les b\u00e9n\u00e9ficiaires ont envie de raconter leur vie ou pas c\u2019est eux qui d\u00e9cident, ajoute Philippe. C\u2019est ce qu\u2019on fait d\u00e9j\u00e0 dans les maraudes, on a du caf\u00e9, du th\u00e9 et de l\u2019eau fra\u00eeche, \u00e7a rend le moment plus humain parce qu\u2019ils en ont besoin.\u00a0\u00bb<\/p>\n<\/blockquote>\n<p>L\u2019association Bubble Box a implant\u00e9 un dispositif similaire, un conteneur compos\u00e9 de trois douche, place de la R\u00e9publique en partenariat avec la Ville de Bordeaux et plusieurs autres associations. <\/p>\n<p>Les bons gestes \u00e0 adopter en p\u00e9riode de canicule :<\/p>\n<ul class=\"wp-block-list\">\n<li>maintenir son logement frais (fermer fen\u00eatres et volets la journ\u00e9e, les ouvrir le soir et la nuit) ;<\/li>\n<\/ul>\n<ul class=\"wp-block-list\">\n<li>boire r\u00e9guli\u00e8rement de l\u2019eau, se rafra\u00eechir et se mouiller le corps plusieurs fois par jour (notamment le visage et les avant-bras);<\/li>\n<\/ul>\n<ul class=\"wp-block-list\">\n<li>passer plusieurs heures par jour dans un lieu frais (cin\u00e9ma, biblioth\u00e8que municipale \u2026) ;<\/li>\n<\/ul>\n<ul class=\"wp-block-list\">\n<li> \u00e9viter de sortir aux heures les plus chaudes et de pratiquer une activit\u00e9 physique ;<\/li>\n<\/ul>\n<ul class=\"wp-block-list\">\n<li> prendre et donner r\u00e9guli\u00e8rement des nouvelles de ses proches et, si n\u00e9cessaire demander l\u2019aide.<\/li>\n<\/ul>\n<p>Toutes les recommandations pour se prot\u00e9ger contre les fortes chaleurs sont consultables sur le site internet du minist\u00e8re des affaires sociales et de la sant\u00e9 www.sante.gouv.fr et des services de l\u2019\u00c9tat en Gironde : www.gironde.gouv.fr <\/p>\n<p>Pour offrir un peu de fra\u00eecheur \u00e0 ses administr\u00e9s, les mairies de la M\u00e9tropole multiplient les dispositifs de rafraichissement : les plages horaires des parcs et des piscines sont \u00e9tendues, des brumisateurs sont d\u00e9ploy\u00e9s dans les espaces publics et des salles fra\u00eeches municipales sont mises \u00e0 disposition. L\u2019ensemble de ces \u00ab\u00a0points frais\u00a0\u00bb publics m\u00e9tropolitains sont d\u2019ailleurs recens\u00e9s ici dans <a href=\"https:\/\/geo.bordeaux-metropole.fr\/adws\/app\/33cebc9f-cd8e-11ed-ad24-9bf3b515cd35\/\" target=\"_blank\" rel=\"noreferrer noopener\">une carte interactive<\/a>.<\/p>\n<p>Rue89 Bordeaux a besoin de vos dons<\/p>\n<p>Mille mercis \u00e0 nos 131 donateurs ! Gr\u00e2ce \u00e0 vous, nous avons atteint notre objectif initial de 10\u202f000\u202f\u20ac. Ce soutien va nous permettre de renflouer notre tr\u00e9sorerie, apr\u00e8s le d\u00e9sengagement en 2025 d\u2019un annonceur important \u2013 Bordeaux M\u00e9tropole \u2013 et de r\u00e9gler nos factures en attente.<br \/>Cependant, la cagnotte reste ouverte jusqu\u2019\u00e0 fin septembre afin de vous laisser l\u2019occasion de continuer \u00e0 soutenir votre m\u00e9dia ind\u00e9pendant. Chaque don est d\u00e9ductible des imp\u00f4ts \u00e0 hauteur de 66\u202f%. En recevoir davantage nous permettra de consolider nos finances, d\u2019envisager une rentr\u00e9e sereine, et surtout, d\u2019enrichir nos contenus et de renforcer notre r\u00e9daction.<\/p>\n","protected":false},"excerpt":{"rendered":"Bordeaux suffoque. Omar en est le premier t\u00e9moin. \u00ab\u00a0La chaleur c\u2019est difficile \u00e0 vivre\u00a0\u00bb, soupire le jeune homme&hellip;\n","protected":false},"author":2,"featured_media":327925,"comment_status":"","ping_status":"","sticky":false,"template":"","format":"standard","meta":{"footnotes":""},"categories":[2817],"tags":[1111,11,1997,6698,1777,674,1011,27,3909,12,2219,7131,25,17076],"class_list":{"0":"post-327924","1":"post","2":"type-post","3":"status-publish","4":"format-standard","5":"has-post-thumbnail","7":"category-bordeaux","8":"tag-actu","9":"tag-actualites","10":"tag-bordeaux","11":"tag-canicule","12":"tag-eu","13":"tag-europe","14":"tag-fr","15":"tag-france","16":"tag-hebergement-durgence","17":"tag-news","18":"tag-nouvelle-aquitaine","19":"tag-prefecture-de-la-gironde","20":"tag-republique-francaise","21":"tag-ville-de-bordeaux"},"share_on_mastodon":{"url":"https:\/\/pubeurope.com\/@fr\/115051891845666261","error":""},"_links":{"self":[{"href":"https:\/\/www.europesays.com\/fr\/wp-json\/wp\/v2\/posts\/327924","targetHints":{"allow":["GET"]}}],"collection":[{"href":"https:\/\/www.europesays.com\/fr\/wp-json\/wp\/v2\/posts"}],"about":[{"href":"https:\/\/www.europesays.com\/fr\/wp-json\/wp\/v2\/types\/post"}],"author":[{"embeddable":true,"href":"https:\/\/www.europesays.com\/fr\/wp-json\/wp\/v2\/users\/2"}],"replies":[{"embeddable":true,"href":"https:\/\/www.europesays.com\/fr\/wp-json\/wp\/v2\/comments?post=327924"}],"version-history":[{"count":0,"href":"https:\/\/www.europesays.com\/fr\/wp-json\/wp\/v2\/posts\/327924\/revisions"}],"wp:featuredmedia":[{"embeddable":true,"href":"https:\/\/www.europesays.com\/fr\/wp-json\/wp\/v2\/media\/327925"}],"wp:attachment":[{"href":"https:\/\/www.europesays.com\/fr\/wp-json\/wp\/v2\/media?parent=327924"}],"wp:term":[{"taxonomy":"category","embeddable":true,"href":"https:\/\/www.europesays.com\/fr\/wp-json\/wp\/v2\/categories?post=327924"},{"taxonomy":"post_tag","embeddable":true,"href":"https:\/\/www.europesays.com\/fr\/wp-json\/wp\/v2\/tags?post=327924"}],"curies":[{"name":"wp","href":"https:\/\/api.w.org\/{rel}","templated":true}]}}