{"id":327926,"date":"2025-08-18T21:28:12","date_gmt":"2025-08-18T21:28:12","guid":{"rendered":"https:\/\/www.europesays.com\/fr\/327926\/"},"modified":"2025-08-18T21:28:12","modified_gmt":"2025-08-18T21:28:12","slug":"la-piste-du-narcotrafic-dans-le-quartier-des-aubiers","status":"publish","type":"post","link":"https:\/\/www.europesays.com\/fr\/327926\/","title":{"rendered":"la piste du narcotrafic dans le quartier des Aubiers"},"content":{"rendered":"<p>Il est un peu plus de 2 heures du matin, dans la nuit du samedi\u00a016 au dimanche 17\u00a0ao\u00fbt, quand un v\u00e9hicule arrive discr\u00e8tement et stationne, moteur tournant, au pied d\u2019un immeuble, cours des Aubiers \u00e0 Bordeaux. Un homme, le visage dissimul\u00e9 par une cagoule, ouvre la porti\u00e8re, met pied \u00e0 terre et <a href=\"https:\/\/www.sudouest.fr\/faits-divers\/bordeaux-une-enquete-ouverte-apres-des-tirs-a-la-kalachnikov-en-pleine-nuit-aux-aubiers-25587477.php\" target=\"_blank\" rel=\"follow nofollow noopener\">ouvre le feu \u00e0 plusieurs reprises avec une arme de type kalachnikov<\/a> en direction d\u2019un appartement situ\u00e9 au 7e \u00e9tage. Une balle de calibre 7,62\u00a0mm transperce une fen\u00eatre et va se loger dans un mur.<\/p>\n<p>        <img decoding=\"async\" id=\"25596126\" src=\"https:\/\/www.europesays.com\/fr\/wp-content\/uploads\/2025\/08\/20250818-145454.jpg\" alt=\"Le v\u00e9hicule utilis\u00e9 par le tireur et ses complices a \u00e9t\u00e9 d\u00e9couvert incendi\u00e9 sur un parking \u00e0 Floirac.\" itemprop=\"contentURL\"\/><\/p>\n<p>    Le v\u00e9hicule utilis\u00e9 par le tireur et ses complices a \u00e9t\u00e9 d\u00e9couvert incendi\u00e9 sur un parking \u00e0 Floirac.<\/p>\n<p>J.-M.\u00a0D.<\/p>\n<p>Par chance, les occupants se trouvaient dans une autre pi\u00e8ce. Le tireur, apr\u00e8s avoir vid\u00e9 son chargeur d\u2019une vingtaine de munitions, remonte \u00e0 bord du v\u00e9hicule qui prend la fuite, en trombe, sous le regard de riverains \u00e0 la recherche d\u2019un peu de fra\u00eecheur nocturne. Le puissant SUV est retrouv\u00e9 un peu plus tard, incendi\u00e9 sur un parking, dans un quartier r\u00e9sidentiel, sur les hauteurs de Floirac. Quand les policiers d\u2019un \u00e9quipage de la brigade anticriminalit\u00e9 (BAC) arrivent, il ne reste plus qu\u2019un amas de t\u00f4les calcin\u00e9es et une plaque min\u00e9ralogique qui permettra de savoir qu\u2019il a \u00e9t\u00e9 vol\u00e9.<\/p>\n<p>Le symbole de la puissance<\/p>\n<p>Les investigations, confi\u00e9es aux policiers de la Division de la criminalit\u00e9 organis\u00e9e et sp\u00e9cialis\u00e9e (DCOS), semblent s\u2019orienter rapidement vers la piste du narcotrafic. La place Ginette-Neveu, situ\u00e9e \u00e0 quelques m\u00e8tres du cours des Aubiers, est, en effet, identifi\u00e9e comme un point de deal par les autorit\u00e9s. Le tireur et son (ou ses) complice (s) ont-ils agi dans une logique de protection de leur \u00ab\u00a0commerce\u00a0\u00bb et de conqu\u00eate de nouvelles parts de march\u00e9 sur un territoire adverse\u00a0? C\u2019est une hypoth\u00e8se.<\/p>\n<blockquote><p>\u00ab\u00a0Aujourd\u2019hui, il n\u2019y a plus un seul dossier de trafic de stup\u00e9fiants d\u2019une certaine envergure sans des saisies d\u2019armes, y compris de guerre\u00a0\u00bb<\/p><\/blockquote>\n<p>\u00ab\u00a0Aujourd\u2019hui, il n\u2019y a plus un seul dossier de trafic de stup\u00e9fiants d\u2019une certaine envergure sans des saisies d\u2019armes, y compris de guerre\u00a0\u00bb, <a href=\"https:\/\/www.sudouest.fr\/gironde\/bordeaux\/a-bordeaux-aussi-il-existe-une-pression-delinquante-forte-tout-l-enjeu-est-de-la-contenir-explique-le-procureur-renaud-gaudeul-25008498.php\" target=\"_blank\" rel=\"follow nofollow noopener\">d\u00e9clarait en juin dernier le procureur de la R\u00e9publique, Renaud Gaudeul<\/a>. \u00ab\u00a0Lutter contre les trafics de stup\u00e9fiants, c\u2019est aussi lutter contre la circulation des armes.\u00a0\u00bb<\/p>\n<p>Saisie d\u2019armes de guerre<\/p>\n<p>Fin f\u00e9vrier 2025, les policiers de l\u2019antenne bordelaise de l\u2019Office anti-stup\u00e9fiants (Ofast) <a href=\"https:\/\/www.sudouest.fr\/gironde\/bordeaux\/deux-hommes-interpelles-sur-la-rocade-de-bordeaux-avec-50-kg-de-cocaine-23530630.php\" target=\"_blank\" rel=\"follow nofollow noopener\">avaient interpell\u00e9 deux hommes soup\u00e7onn\u00e9s d\u2019\u00eatre \u00e0 la t\u00eate d\u2019un important trafic de coca\u00efne<\/a> dans la r\u00e9gion. Ils avaient saisi 50\u00a0kilos de produit ainsi que trois fusils d\u2019assaut AK-47 et M4, trois pistolets automatiques, un revolver, un fusil \u00e0 pompe, une arme de poing automatique de calibre 9\u00a0mm, charg\u00e9e et chambr\u00e9e, ainsi qu\u2019une centaine de munitions. \u00ab\u00a0Il s\u2019agit de la plus importante saisie d\u2019armes de guerre r\u00e9alis\u00e9e dans le Sud-Ouest depuis au moins sept ans\u00a0\u00bb, avait indiqu\u00e9 le parquet.<\/p>\n<p>    Sur le m\u00eame sujet<\/p>\n<p>                        <a href=\"https:\/\/www.sudouest.fr\/justice\/quartier-les-aubiers-a-bordeaux-comment-en-est-on-arrive-la-24441406.php\" title=\"Quartier Les Aubiers \u00e0 Bordeaux\u00a0: comment en est-on arriv\u00e9 l\u00e0\u00a0?\" rel=\"nofollow noopener\" target=\"_blank\"><br \/>\n                            <img decoding=\"async\" src=\"https:\/\/www.europesays.com\/fr\/wp-content\/uploads\/2025\/08\/1755552492_242_ubb-northampton-10.jpg\" alt=\"Quartier Les Aubiers \u00e0 Bordeaux\u00a0: comment en est-on arriv\u00e9 l\u00e0\u00a0?\"\/><br \/>\n                        <\/a><\/p>\n<p>                    <a href=\"https:\/\/www.sudouest.fr\/justice\/quartier-les-aubiers-a-bordeaux-comment-en-est-on-arrive-la-24441406.php\" title=\"Quartier Les Aubiers \u00e0 Bordeaux\u00a0: comment en est-on arriv\u00e9 l\u00e0\u00a0?\" rel=\"nofollow noopener\" target=\"_blank\"><\/p>\n<p>\n                            Quartier Les Aubiers \u00e0 Bordeaux\u00a0: comment en est-on arriv\u00e9 l\u00e0\u00a0?\n                        <\/p>\n<p>                    <\/a><\/p>\n<p>\n                        Quatre ans apr\u00e8s la mort du jeune Lionel, tu\u00e9 par balle aux Aubiers, les habitants peinent \u00e0 voir les r\u00e9alisations concr\u00e8tes de la r\u00e9novation urbaine quand certains d\u00e9noncent le foss\u00e9 grandissant avec les autres quartiers de Bordeaux. Sud Ouest est all\u00e9 \u00e0 la rencontre des personnes qui vivent et font vivre ce quartier, pour comprendre comment en est-on arriv\u00e9 l\u00e0\u00a0?\n                    <\/p>\n<p>Les \u00e9v\u00e9nements du week-end \u00e0 Bordeaux avec l\u2019usage d\u2019une kalachnikov d\u00e9montrent que, dans le milieu du narcotrafic et de la criminalit\u00e9 organis\u00e9e, les t\u00eates de r\u00e9seau ont besoin d\u2019afficher leur puissance. La kalachnikov en est un symbole.<\/p>\n","protected":false},"excerpt":{"rendered":"Il est un peu plus de 2 heures du matin, dans la nuit du samedi\u00a016 au dimanche 17\u00a0ao\u00fbt,&hellip;\n","protected":false},"author":2,"featured_media":327927,"comment_status":"","ping_status":"","sticky":false,"template":"","format":"standard","meta":{"footnotes":""},"categories":[2817],"tags":[1111,11,1997,1777,674,1011,27,12,2219,25],"class_list":{"0":"post-327926","1":"post","2":"type-post","3":"status-publish","4":"format-standard","5":"has-post-thumbnail","7":"category-bordeaux","8":"tag-actu","9":"tag-actualites","10":"tag-bordeaux","11":"tag-eu","12":"tag-europe","13":"tag-fr","14":"tag-france","15":"tag-news","16":"tag-nouvelle-aquitaine","17":"tag-republique-francaise"},"share_on_mastodon":{"url":"https:\/\/pubeurope.com\/@fr\/115051895648956285","error":""},"_links":{"self":[{"href":"https:\/\/www.europesays.com\/fr\/wp-json\/wp\/v2\/posts\/327926","targetHints":{"allow":["GET"]}}],"collection":[{"href":"https:\/\/www.europesays.com\/fr\/wp-json\/wp\/v2\/posts"}],"about":[{"href":"https:\/\/www.europesays.com\/fr\/wp-json\/wp\/v2\/types\/post"}],"author":[{"embeddable":true,"href":"https:\/\/www.europesays.com\/fr\/wp-json\/wp\/v2\/users\/2"}],"replies":[{"embeddable":true,"href":"https:\/\/www.europesays.com\/fr\/wp-json\/wp\/v2\/comments?post=327926"}],"version-history":[{"count":0,"href":"https:\/\/www.europesays.com\/fr\/wp-json\/wp\/v2\/posts\/327926\/revisions"}],"wp:featuredmedia":[{"embeddable":true,"href":"https:\/\/www.europesays.com\/fr\/wp-json\/wp\/v2\/media\/327927"}],"wp:attachment":[{"href":"https:\/\/www.europesays.com\/fr\/wp-json\/wp\/v2\/media?parent=327926"}],"wp:term":[{"taxonomy":"category","embeddable":true,"href":"https:\/\/www.europesays.com\/fr\/wp-json\/wp\/v2\/categories?post=327926"},{"taxonomy":"post_tag","embeddable":true,"href":"https:\/\/www.europesays.com\/fr\/wp-json\/wp\/v2\/tags?post=327926"}],"curies":[{"name":"wp","href":"https:\/\/api.w.org\/{rel}","templated":true}]}}