{"id":327928,"date":"2025-08-18T21:29:10","date_gmt":"2025-08-18T21:29:10","guid":{"rendered":"https:\/\/www.europesays.com\/fr\/327928\/"},"modified":"2025-08-18T21:29:10","modified_gmt":"2025-08-18T21:29:10","slug":"toulouse-pourquoi-cette-canicule-a-ete-lun-des-episodes-meteo-les-plus-extremes-depuis-100-ans","status":"publish","type":"post","link":"https:\/\/www.europesays.com\/fr\/327928\/","title":{"rendered":"Toulouse. Pourquoi cette canicule a \u00e9t\u00e9 l&rsquo;un des \u00e9pisodes m\u00e9t\u00e9o les plus extr\u00eames depuis 100 ans"},"content":{"rendered":"<p>            Par<br \/>\n        <strong><br \/>\n            <a href=\"https:\/\/actu.fr\/auteur\/david-saint-sernin\" title=\"Consulter tous les articles de David Saint-Sernin\" target=\"_blank\" rel=\"noopener\">David Saint-Sernin<\/a><br \/>\n        <\/strong><\/p>\n<p>        Publi\u00e9 le<\/p>\n<p>            18 ao\u00fbt 2025 \u00e0 17h54        <\/p>\n<p>Un ciel nuageux et une atmosph\u00e8re respirable<a href=\"https:\/\/actu.fr\/occitanie\/fronton_31202\/apres-la-canicule-des-orages-annonces-a-toulouse-et-en-haute-garonne-le-secteur-ou-il-va-le-plus-pleuvoir_63045784.html\" target=\"_blank\" rel=\"noopener\"> avant des orages<\/a>. Lundi 18\u00a0ao\u00fbt 2025,<a href=\"https:\/\/actu.fr\/toulouse\/\" target=\"_blank\" rel=\"noopener\"> Toulouse<\/a> vit sa premi\u00e8re journ\u00e9e sans <strong>canicule<\/strong> depuis le 8 ao\u00fbt. \u00ab\u2009Depuis 6h,\u00a0 ce lundi 18 ao\u00fbt, la Haute-Garonne est repass\u00e9e en vigilance verte\u2009\u00bb, a indiqu\u00e9 la pr\u00e9fecture dans la matin\u00e9e. Un \u00e9v\u00e9nement extr\u00eame, <a href=\"https:\/\/actu.fr\/occitanie\/toulouse_31555\/c-est-tout-simplement-historique-les-jours-de-canicule-s-enchainent-a-toulouse-a-quand-la-fin_63042138.html\" target=\"_blank\" rel=\"noopener\">d\u00e9j\u00e0 qualifi\u00e9 d\u2019historique,<\/a> qui a vu passer la Haute-Garonne en vigilance orange du 8 au 10\u00a0ao\u00fbt, puis du 13 au 18\u00a0ao\u00fbt, mais surtout vivre deux jours en <strong>vigilance rouge<\/strong> du 11 au 13\u00a0ao\u00fbt. La canicule derri\u00e8re nous, voici cinq infos sur l\u2019un des \u00e9pisodes les plus extr\u00eames v\u00e9cus dans la Ville rose depuis 100\u00a0ans.<\/p>\n<p>#1\u00a0La deuxi\u00e8me plus forte canicule depuis 1922<\/p>\n<p class=\" wall-content\">\u00ab\u2009Une s\u00e9rie de 10\u00a0jours cons\u00e9cutifs au-dessus de 35 degr\u00e9s (du 7 au 16). Seule la canicule de 2003 avait \u00e9t\u00e9 plus longue\u2009: 12\u00a0jours non-stop\u2009\u00bb, r\u00e9sume sur X la m\u00e9moire de la m\u00e9t\u00e9o \u00e0 Toulouse, l\u2019ancien pr\u00e9visionniste chez M\u00e9t\u00e9o France, <strong>Pascal Boureau<\/strong>.<\/p>\n<p class=\" wall-content\">\n<p class=\" wall-content\">Le d\u00e9cor est plant\u00e9. Ces derniers jours, la Ville rose a v\u00e9cu l\u2019un des \u00e9pisodes m\u00e9t\u00e9o les plus extr\u00eames des 100 derni\u00e8res ann\u00e9es.<\/p>\n<p class=\" wall-content\">\u00ab\u2009Ce ph\u00e9nom\u00e8ne est remarquable par sa dur\u00e9e. C\u2019est la deuxi\u00e8me fois, apr\u00e8s la canicule 2003, que cela arrive dans l\u2019histoire m\u00e9t\u00e9orologique de Toulouse. Une histoire qui a d\u00e9but\u00e9 avec les premiers relev\u00e9s \u00e0 la station m\u00e9t\u00e9o de Toulouse-Francazal en 1922, puis \u00e0 partir de 1947 \u00e0 Toulouse-Blagnac\u2009\u00bb, rappelle Pascal Boureau.<\/p>\n<p>#2 Trois jours \u00e0 plus de 40\u00b0\u2009: \u00ab\u2009Du jamais vu \u00e0 Toulouse-Francazal\u2009\u00bb<\/p>\n<p class=\" wall-content\">C\u2019est in\u00e9dit depuis 1922, ann\u00e9e des premiers relev\u00e9s \u00e0 Toulouse-Francazal\u2009: le thermom\u00e8tre a franchi le seuil des 40\u00b0 trois jours cons\u00e9cutifs sur cette station de M\u00e9t\u00e9o France. \u00ab\u2009Il a fait le <strong>41,8\u00b0<\/strong> le 11, <strong>40,5<\/strong>\u00b0 le 12 et <strong>40,1\u00b0<\/strong> le 13\u00a0ao\u00fbt, c\u2019est du jamais vu \u00e0 Francazal\u2009\u00bb, assure Pascal Boureau.\u00a0\u00c0 la station de Toulouse-Blagnac le seuil des 40\u00b0 a \u00e9t\u00e9 franchi \u00e0 deux reprises\u2009: il a fait <strong>41,5\u00b0<\/strong> le 11 et <strong>40,5\u00b0<\/strong> le 12\u00a0ao\u00fbt.<\/p>\n<p class=\" wall-content\">Lors de la canicule de 2003, \u00e0 la m\u00eame station de Blagnac, la barre des 40\u00b0 avait \u00e9t\u00e9 franchie \u00e0 quatre reprises, mais en deux fois.<\/p>\n<p>Votre r\u00e9gion, votre actu !<\/p>\n<p>Recevez chaque jour les infos qui comptent pour vous.<\/p>\n<p>\t<a href=\"https:\/\/actu.fr\/newsletter\" class=\"ac-btn ac-btn--corner ac-btn--medium ac-btn--blue800\" target=\"_blank\" rel=\"noopener\">S&rsquo;incrire<\/a><br \/>\n#3 Pas de record de temp\u00e9rature absolu battu \u00e0 Toulouse<\/p>\n<p class=\" wall-content\">Le <strong>record de temp\u00e9rature<\/strong> n\u2019a pas \u00e9t\u00e9 battu \u00e0 Toulouse. Avec 41,8\u00b0 enregistr\u00e9s, la journ\u00e9e du 11\u00a0ao\u00fbt 2025 grimpe n\u00e9anmoins sur le podium des journ\u00e9es les plus chaudes enregistr\u00e9es depuis 1922.<\/p>\n<p class=\" wall-content\">Les deux jours les plus chauds de l\u2019histoire de la Ville rose datent en effet de 2023. Le record absolu de temp\u00e9rature <a href=\"https:\/\/actu.fr\/occitanie\/toulouse_31555\/vigilance-rouge-canicule-le-record-absolu-de-temperature-battu-a-toulouse_59997170.html\" target=\"_blank\" rel=\"noopener\">a \u00e9t\u00e9 battu le mercredi 23\u00a0ao\u00fbt,<\/a> avec 42,4\u00b0C sous abri mesur\u00e9s \u00e0 la station de Toulouse-Blagnac.<\/p>\n<p class=\" wall-content\">La deuxi\u00e8me journ\u00e9e la plus chaude de l\u2019histoire date du 24\u00a0ao\u00fbt 2023\u2009: on a mesur\u00e9 42\u00b0C\u00a0\u00e0 Toulouse-Blagnac ce jour-l\u00e0.<\/p>\n<p>#4 Un \u00e9norme d\u00e9ficit de pluie<\/p>\n<p class=\" wall-content\">Comme lors de la canicule de 2003, la canicule de ce mois d\u2019ao\u00fbt\u00a02025 a \u00e9t\u00e9 marqu\u00e9e par un d\u00e9ficit \u00e9norme de pluie.<\/p>\n<p class=\" wall-content\">\u00ab\u00a0Il a fait entre 11 et 19\u00a0mm de pluie selon les secteurs, un cumul qui correspond \u00e0<a href=\"https:\/\/actu.fr\/occitanie\/toulouse_31555\/alerte-rouge-canicule-des-orages-se-profilent-en-haute-garonne-ou-et-quand-ils-devraient-tomber_63025891.html\" target=\"_blank\" rel=\"noopener\"> l\u2019unique orage enregistr\u00e9 le mercredi 14\u00a0ao\u00fbt<\/a>\u00ab\u00a0. En 2003, il y avait \u00e9galement eu un seul orage sur la p\u00e9riode de canicule\u00a0\u00bb, compare Pascal Boureau<\/p>\n<p>#5 Tr\u00e8s chaudes soir\u00e9es, mais nuits plus supportables<\/p>\n<p class=\" wall-content\">\u00ab\u2009Sur cet \u00e9pisode de canicule, les nuits ont \u00e9t\u00e9 plus supportables qu\u2019en 2003 quand le thermom\u00e8tre relevait 24 \u00e0 25\u00b0. Cette fois-ci, il y a bien eu des <strong>nuits tropicales<\/strong>, mais avec des temp\u00e9ratures minimales entre 21 et 23\u00b0\u00bb, rel\u00e8ve Pascal Boureau.<\/p>\n<p class=\" wall-content\">Si les temp\u00e9ratures nocturnes ont pu baisser \u00ab\u2009gr\u00e2ce \u00e0 une atmosph\u00e8re s\u00e8che\u2009\u00bb, \u00ab\u2009Toulouse a enregistr\u00e9<strong> les soir\u00e9es les plus chaudes<\/strong> pour une grande agglom\u00e9ration en France\u2009\u00bb, rel\u00e8ve n\u00e9anmoins l\u2019ancien m\u00e9t\u00e9orologiste.<\/p>\n<p class=\" wall-content\">\u00ab\u2009Le soleil se couchant plus tard \u00e0 Toulouse qu\u2019\u00e0 Nice ou Montpellier, il a pu faire <strong>jusqu\u2019\u00e0 32\u00b0 en soir\u00e9e,<\/strong> entre 23h et minuit, ce qui est tr\u00e8s rare sur des stations m\u00e9t\u00e9o situ\u00e9es en p\u00e9riph\u00e9rie. En soir\u00e9e, Toulouse \u00e9tait la ville o\u00f9 il faisait le plus chaud en France devant des villes comme Nice ou Lyon\u2009\u00bb, rel\u00e8ve Pascal Boureau.<\/p>\n<p class=\" wall-content\">Personnalisez votre actualit\u00e9 en ajoutant vos villes et m\u00e9dias en favori avec <a href=\"https:\/\/moncompte.actu.fr\" title=\"D\u00e9couvez Mon Actu\" rel=\"nofollow noopener\" data-trk=\"{&quot;cta&quot;:{&quot;action&quot;:&quot;https:\\\/\\\/moncompte.actu.fr&quot;,&quot;category&quot;:&quot;mon compte&quot;,&quot;from&quot;:&quot;article footer&quot;,&quot;name&quot;:&quot;Mon actu&quot;,&quot;type&quot;:&quot;cta&quot;}}\" target=\"_blank\">Mon Actu<\/a>.<\/p>\n","protected":false},"excerpt":{"rendered":"Par David Saint-Sernin Publi\u00e9 le 18 ao\u00fbt 2025 \u00e0 17h54 Un ciel nuageux et une atmosph\u00e8re respirable avant&hellip;\n","protected":false},"author":2,"featured_media":327929,"comment_status":"","ping_status":"","sticky":false,"template":"","format":"standard","meta":{"footnotes":""},"categories":[2816],"tags":[1111,11,6698,1777,674,1011,27,2357,12,2680,25,104,2312,15637],"class_list":{"0":"post-327928","1":"post","2":"type-post","3":"status-publish","4":"format-standard","5":"has-post-thumbnail","7":"category-toulouse","8":"tag-actu","9":"tag-actualites","10":"tag-canicule","11":"tag-eu","12":"tag-europe","13":"tag-fr","14":"tag-france","15":"tag-meteo-france","16":"tag-news","17":"tag-occitanie","18":"tag-republique-francaise","19":"tag-societe","20":"tag-toulouse","21":"tag-vague-de-chaleur"},"share_on_mastodon":{"url":"https:\/\/pubeurope.com\/@fr\/115051899401894865","error":""},"_links":{"self":[{"href":"https:\/\/www.europesays.com\/fr\/wp-json\/wp\/v2\/posts\/327928","targetHints":{"allow":["GET"]}}],"collection":[{"href":"https:\/\/www.europesays.com\/fr\/wp-json\/wp\/v2\/posts"}],"about":[{"href":"https:\/\/www.europesays.com\/fr\/wp-json\/wp\/v2\/types\/post"}],"author":[{"embeddable":true,"href":"https:\/\/www.europesays.com\/fr\/wp-json\/wp\/v2\/users\/2"}],"replies":[{"embeddable":true,"href":"https:\/\/www.europesays.com\/fr\/wp-json\/wp\/v2\/comments?post=327928"}],"version-history":[{"count":0,"href":"https:\/\/www.europesays.com\/fr\/wp-json\/wp\/v2\/posts\/327928\/revisions"}],"wp:featuredmedia":[{"embeddable":true,"href":"https:\/\/www.europesays.com\/fr\/wp-json\/wp\/v2\/media\/327929"}],"wp:attachment":[{"href":"https:\/\/www.europesays.com\/fr\/wp-json\/wp\/v2\/media?parent=327928"}],"wp:term":[{"taxonomy":"category","embeddable":true,"href":"https:\/\/www.europesays.com\/fr\/wp-json\/wp\/v2\/categories?post=327928"},{"taxonomy":"post_tag","embeddable":true,"href":"https:\/\/www.europesays.com\/fr\/wp-json\/wp\/v2\/tags?post=327928"}],"curies":[{"name":"wp","href":"https:\/\/api.w.org\/{rel}","templated":true}]}}